{"id":1092,"date":"2022-05-30T09:58:21","date_gmt":"2022-05-30T09:58:21","guid":{"rendered":"https:\/\/www.leonleds.com\/blog\/?p=1092"},"modified":"2022-05-30T09:58:21","modified_gmt":"2022-05-30T09:58:21","slug":"como-elegir-un-ventilador-de-techo","status":"publish","type":"post","link":"https:\/\/www.leonleds.com\/blog\/como-elegir-un-ventilador-de-techo\/","title":{"rendered":"\u00bfC\u00f3mo elegir un ventilador de techo?"},"content":{"rendered":"\t\t<div data-elementor-type=\"wp-post\" data-elementor-id=\"1092\" class=\"elementor elementor-1092\">\n\t\t\t\t\t\t<section class=\"elementor-section elementor-top-section elementor-element elementor-element-399e2e94 elementor-section-boxed elementor-section-height-default elementor-section-height-default\" data-id=\"399e2e94\" data-element_type=\"section\" data-e-type=\"section\">\n\t\t\t\t\t\t<div class=\"elementor-container elementor-column-gap-default\">\n\t\t\t\t\t\t<\/div>\n\t\t<\/section>\n\t\t\t\t<section class=\"elementor-section elementor-top-section elementor-element elementor-element-3f77cdae elementor-section-boxed elementor-section-height-default elementor-section-height-default\" data-id=\"3f77cdae\" data-element_type=\"section\" data-e-type=\"section\">\n\t\t\t\t\t\t<div class=\"elementor-container elementor-column-gap-default\">\n\t\t\t\t\t<div class=\"elementor-column elementor-col-100 elementor-top-column elementor-element elementor-element-143c3547\" data-id=\"143c3547\" data-element_type=\"column\" data-e-type=\"column\">\n\t\t\t<div class=\"elementor-widget-wrap elementor-element-populated\">\n\t\t\t\t\t\t<div class=\"elementor-element elementor-element-4c6094fe elementor-widget elementor-widget-text-editor\" data-id=\"4c6094fe\" data-element_type=\"widget\" data-e-type=\"widget\" data-widget_type=\"text-editor.default\">\n\t\t\t\t<div class=\"elementor-widget-container\">\n\t\t\t\t\t\t\t\t\t<p>Los ventiladores de techo son un <strong>elemento clave para refrescar las habitaciones en verano<\/strong>, aunque algunos modelos tambi\u00e9n nos dan la posibilidad de distribuir mejor la calefacci\u00f3n por la habitaci\u00f3n en invierno. Los ventiladores actualmente, aparte de ser funcionales, son considerados como un elemento decorativo m\u00e1s de la vivienda.<\/p><p>Lo m\u00e1s importante a la hora de escoger un ventilador de techo para nuestro hogar, son las funciones y caracter\u00edsticas que deben tener como el <strong>tama\u00f1o, conocer la diferencia entre motor AC y DC o qu\u00e9 es la funci\u00f3n inversa<\/strong>.<\/p>\t\t\t\t\t\t\t\t<\/div>\n\t\t\t\t<\/div>\n\t\t\t\t\t<\/div>\n\t\t<\/div>\n\t\t\t\t\t<\/div>\n\t\t<\/section>\n\t\t\t\t<section class=\"elementor-section elementor-top-section elementor-element elementor-element-14ff2b55 elementor-section-boxed elementor-section-height-default elementor-section-height-default\" data-id=\"14ff2b55\" data-element_type=\"section\" data-e-type=\"section\">\n\t\t\t\t\t\t<div class=\"elementor-container elementor-column-gap-default\">\n\t\t\t\t\t<div class=\"elementor-column elementor-col-100 elementor-top-column elementor-element elementor-element-60470434\" data-id=\"60470434\" data-element_type=\"column\" data-e-type=\"column\">\n\t\t\t<div class=\"elementor-widget-wrap elementor-element-populated\">\n\t\t\t\t\t\t<div class=\"elementor-element elementor-element-1058170 elementor-widget elementor-widget-text-editor\" data-id=\"1058170\" data-element_type=\"widget\" data-e-type=\"widget\" data-widget_type=\"text-editor.default\">\n\t\t\t\t<div class=\"elementor-widget-container\">\n\t\t\t\t\t\t\t\t\t<h2><strong>\u00bfC\u00f3mo elegimos el tama\u00f1o de un ventilador?<\/strong><\/h2><p>Esta es una de las principales cuestiones que debemos de tener en cuenta. Dependiendo del <strong>tama\u00f1o de la estancia<\/strong> en la que lo queramos colocar, tendremos que elegir un tama\u00f1o u otro para que el aire se pueda distribuir de forma proporcional.<\/p><p>En esta comparativa podr\u00e1s ver la relaci\u00f3n del tama\u00f1o de la habitaci\u00f3n en metros cuadrados y el di\u00e1metro del ventilador.<\/p><p>En <strong>habitaciones de menos de 13 m<sup>2<\/sup>, el di\u00e1metro del ventilador tendr\u00e1 que ser de entre 76 y 104 cm.<\/strong> En el caso de las habitaciones con un tama\u00f1o medio, es decir <strong>entre 14 y 20 m<sup>2<\/sup>, las dimensiones del ventilador estar\u00e1n entre 105 y 121 cm<\/strong>. Y si nuestra estancia posee un tama\u00f1o <strong>mayor de 20m<sup>2<\/sup>, las medidas de nuestro ventilador estar\u00e1n entre los 122 y los 182cm<\/strong>. \u00a0En el caso de que nuestro espacio sea mayor a las medidas anteriormente mencionadas, lo recomendable es optar por instalar m\u00e1s de un ventilador.<\/p><p>Estas medidas son orientativas y las que nuestros expertos recomiendan porque nuestras habitaciones pueden no ser un cuadrado perfecto.<\/p>\t\t\t\t\t\t\t\t<\/div>\n\t\t\t\t<\/div>\n\t\t\t\t\t<\/div>\n\t\t<\/div>\n\t\t\t\t\t<\/div>\n\t\t<\/section>\n\t\t\t\t<section class=\"elementor-section elementor-top-section elementor-element elementor-element-6cceab0b elementor-section-boxed elementor-section-height-default elementor-section-height-default\" data-id=\"6cceab0b\" data-element_type=\"section\" data-e-type=\"section\">\n\t\t\t\t\t\t<div class=\"elementor-container elementor-column-gap-default\">\n\t\t\t\t\t<div class=\"elementor-column elementor-col-100 elementor-top-column elementor-element elementor-element-24a9a65c\" data-id=\"24a9a65c\" data-element_type=\"column\" data-e-type=\"column\">\n\t\t\t<div class=\"elementor-widget-wrap elementor-element-populated\">\n\t\t\t\t\t\t<div class=\"elementor-element elementor-element-5fe068e6 elementor-widget elementor-widget-image\" data-id=\"5fe068e6\" data-element_type=\"widget\" data-e-type=\"widget\" data-widget_type=\"image.default\">\n\t\t\t\t<div class=\"elementor-widget-container\">\n\t\t\t\t\t\t\t\t\t\t\t\t\t\t\t\t<a href=\"https:\/\/www.leonleds.com\/es\/ventiladores-de-techo\">\n\t\t\t\t\t\t\t<img fetchpriority=\"high\" decoding=\"async\" width=\"1024\" height=\"1024\" src=\"https:\/\/www.leonleds.com\/blog\/wp-content\/uploads\/2022\/05\/Diseno-sin-titulo1.png\" class=\"attachment-large size-large wp-image-1099\" alt=\"Tama\u00f1o de un ventilador\" srcset=\"https:\/\/www.leonleds.com\/blog\/wp-content\/uploads\/2022\/05\/Diseno-sin-titulo1.png 1024w, https:\/\/www.leonleds.com\/blog\/wp-content\/uploads\/2022\/05\/Diseno-sin-titulo1-300x300.png 300w, https:\/\/www.leonleds.com\/blog\/wp-content\/uploads\/2022\/05\/Diseno-sin-titulo1-150x150.png 150w, https:\/\/www.leonleds.com\/blog\/wp-content\/uploads\/2022\/05\/Diseno-sin-titulo1-768x768.png 768w\" sizes=\"(max-width: 1024px) 100vw, 1024px\" \/>\t\t\t\t\t\t\t\t<\/a>\n\t\t\t\t\t\t\t\t\t\t\t\t\t\t\t<\/div>\n\t\t\t\t<\/div>\n\t\t\t\t\t<\/div>\n\t\t<\/div>\n\t\t\t\t\t<\/div>\n\t\t<\/section>\n\t\t\t\t<section class=\"elementor-section elementor-top-section elementor-element elementor-element-2f8f0b85 elementor-section-boxed elementor-section-height-default elementor-section-height-default\" data-id=\"2f8f0b85\" data-element_type=\"section\" data-e-type=\"section\">\n\t\t\t\t\t\t<div class=\"elementor-container elementor-column-gap-default\">\n\t\t\t\t\t<div class=\"elementor-column elementor-col-100 elementor-top-column elementor-element elementor-element-58b840dc\" data-id=\"58b840dc\" data-element_type=\"column\" data-e-type=\"column\">\n\t\t\t<div class=\"elementor-widget-wrap elementor-element-populated\">\n\t\t\t\t\t\t<div class=\"elementor-element elementor-element-36d936e0 elementor-widget elementor-widget-text-editor\" data-id=\"36d936e0\" data-element_type=\"widget\" data-e-type=\"widget\" data-widget_type=\"text-editor.default\">\n\t\t\t\t<div class=\"elementor-widget-container\">\n\t\t\t\t\t\t\t\t\t<h2><strong>\u00bfC\u00f3mo elegir el motor adecuado? <\/strong><\/h2><p>Existen dos tipos de motor en los ventiladores AC y DC:<\/p><ul><li><strong>Motor AC o de corriente alterna<\/strong>. Incluyen un sistema con tres velocidades de giro regulables.<\/li><li><strong>Motor DC o de corriente continua<\/strong>. Es un motor mucho m\u00e1s eficiente y con un consumo energ\u00e9tico menor, permiti\u00e9ndonos ahorrar un 70% de la energ\u00eda consumida. Su rendimiento es mayor y son m\u00e1s silenciosos que los que tienen motor AC. Pueden tener entre tres y seis velocidades diferentes. Suele incluir una funci\u00f3n de velocidad muy lenta para poner durante la noche en el dormitorio.<\/li><\/ul><p>\u00a0<\/p>\t\t\t\t\t\t\t\t<\/div>\n\t\t\t\t<\/div>\n\t\t\t\t\t<\/div>\n\t\t<\/div>\n\t\t\t\t\t<\/div>\n\t\t<\/section>\n\t\t\t\t<section class=\"elementor-section elementor-top-section elementor-element elementor-element-5d6c501b elementor-section-boxed elementor-section-height-default elementor-section-height-default\" data-id=\"5d6c501b\" data-element_type=\"section\" data-e-type=\"section\">\n\t\t\t\t\t\t<div class=\"elementor-container elementor-column-gap-default\">\n\t\t\t\t\t<div class=\"elementor-column elementor-col-100 elementor-top-column elementor-element elementor-element-7a216ee0\" data-id=\"7a216ee0\" data-element_type=\"column\" data-e-type=\"column\">\n\t\t\t<div class=\"elementor-widget-wrap elementor-element-populated\">\n\t\t\t\t\t\t<div class=\"elementor-element elementor-element-41363542 elementor-widget elementor-widget-image\" data-id=\"41363542\" data-element_type=\"widget\" data-e-type=\"widget\" data-widget_type=\"image.default\">\n\t\t\t\t<div class=\"elementor-widget-container\">\n\t\t\t\t\t\t\t\t\t\t\t\t\t\t\t\t<a href=\"https:\/\/www.leonleds.com\/es\/ventilador-de-techo-mini-led-negro-nepal.html\">\n\t\t\t\t\t\t\t<img decoding=\"async\" src=\"https:\/\/www.leonleds.com\/blog\/wp-content\/uploads\/elementor\/thumbs\/7802_AMBIENTE-scaled-1-qt6kw9t3vfm1hz0qy5xfqgd42c4tdrhgyfvftkkwrk.jpg\" title=\"Nepal Negro\" alt=\"Ventilador de techo Nepal de Mantra Iluminaci\u00f3n\" loading=\"lazy\" \/>\t\t\t\t\t\t\t\t<\/a>\n\t\t\t\t\t\t\t\t\t\t\t\t\t\t\t<\/div>\n\t\t\t\t<\/div>\n\t\t\t\t\t<\/div>\n\t\t<\/div>\n\t\t\t\t\t<\/div>\n\t\t<\/section>\n\t\t\t\t<section class=\"elementor-section elementor-top-section elementor-element elementor-element-60c6da44 elementor-section-boxed elementor-section-height-default elementor-section-height-default\" data-id=\"60c6da44\" data-element_type=\"section\" data-e-type=\"section\">\n\t\t\t\t\t\t<div class=\"elementor-container elementor-column-gap-default\">\n\t\t\t\t\t<div class=\"elementor-column elementor-col-100 elementor-top-column elementor-element elementor-element-13422380\" data-id=\"13422380\" data-element_type=\"column\" data-e-type=\"column\">\n\t\t\t<div class=\"elementor-widget-wrap elementor-element-populated\">\n\t\t\t\t\t\t<div class=\"elementor-element elementor-element-12ac9b46 elementor-widget elementor-widget-text-editor\" data-id=\"12ac9b46\" data-element_type=\"widget\" data-e-type=\"widget\" data-widget_type=\"text-editor.default\">\n\t\t\t\t<div class=\"elementor-widget-container\">\n\t\t\t\t\t\t\t\t\t<h2><strong>\u00bfQu\u00e9 es la funci\u00f3n inversa?<\/strong><\/h2><p>Normalmente, asociamos el uso del ventilador a los meses de verano, pero algunos<strong> podemos usarlos incluso en invierno<\/strong>. El ventilador gira a la inversa, en el sentido de las agujas del reloj, por lo que el aire caliente que se encuentra en la parte superior, bajar\u00e1. Esta funci\u00f3n nos permite distribuir el calor de la calefacci\u00f3n por toda la estancia, permiti\u00e9ndonos <strong>ahorrar un 10% en el consumo de la calefacci\u00f3n<\/strong>.<\/p><p>Cuando buscas un ventilador con funci\u00f3n DC inversa en lo primero en lo que piensas es en alguna de estas piezas: el <a href=\"https:\/\/www.leonleds.com\/es\/ventilador-led-con-aspas-anne-con-acabado-en-blanco-motor-dc.html\"><u>Ventilador LED con aspas Anne con acabado en blanco motor DC<\/u><\/a>,<a href=\"https:\/\/www.leonleds.com\/es\/plafon-led-ventilador-blanco-tibet.html#\/54-color-blanco\"> <u>Plaf\u00f3n LED Ventilador Blanco Tibet<\/u><\/a>, <a href=\"https:\/\/www.leonleds.com\/es\/ventilador-de-techo-led-nepal-haya-y-blanco-75w-led-y-60w-de-motor-de-ventilador.html#\/285-color-madera\"><span style=\"text-decoration: underline;\">Ventilador de techo LED Nepal Haya y Blanco 75W LED y 60W de Motor de Ventilador<\/span>.<\/a><\/p>\t\t\t\t\t\t\t\t<\/div>\n\t\t\t\t<\/div>\n\t\t\t\t\t<\/div>\n\t\t<\/div>\n\t\t\t\t\t<\/div>\n\t\t<\/section>\n\t\t\t\t<section class=\"elementor-section elementor-top-section elementor-element elementor-element-a48390a elementor-section-boxed elementor-section-height-default elementor-section-height-default\" data-id=\"a48390a\" data-element_type=\"section\" data-e-type=\"section\">\n\t\t\t\t\t\t<div class=\"elementor-container elementor-column-gap-default\">\n\t\t\t\t\t<div class=\"elementor-column elementor-col-100 elementor-top-column elementor-element elementor-element-33bb8b0f\" data-id=\"33bb8b0f\" data-element_type=\"column\" data-e-type=\"column\">\n\t\t\t<div class=\"elementor-widget-wrap elementor-element-populated\">\n\t\t\t\t\t\t<div class=\"elementor-element elementor-element-69862d52 elementor-widget elementor-widget-image\" data-id=\"69862d52\" data-element_type=\"widget\" data-e-type=\"widget\" data-widget_type=\"image.default\">\n\t\t\t\t<div class=\"elementor-widget-container\">\n\t\t\t\t\t\t\t\t\t\t\t\t\t\t\t\t<a href=\"https:\/\/www.leonleds.com\/es\/ventilador-de-techo-anne-negro-mate-con-aspas-grafito.html\">\n\t\t\t\t\t\t\t<img decoding=\"async\" width=\"1024\" height=\"1024\" src=\"https:\/\/www.leonleds.com\/blog\/wp-content\/uploads\/2022\/05\/anne.jpg\" class=\"attachment-large size-large wp-image-1102\" alt=\"Ventilador de techo Anner de Sulion\" srcset=\"https:\/\/www.leonleds.com\/blog\/wp-content\/uploads\/2022\/05\/anne.jpg 1024w, https:\/\/www.leonleds.com\/blog\/wp-content\/uploads\/2022\/05\/anne-300x300.jpg 300w, https:\/\/www.leonleds.com\/blog\/wp-content\/uploads\/2022\/05\/anne-150x150.jpg 150w, https:\/\/www.leonleds.com\/blog\/wp-content\/uploads\/2022\/05\/anne-768x768.jpg 768w\" sizes=\"(max-width: 1024px) 100vw, 1024px\" \/>\t\t\t\t\t\t\t\t<\/a>\n\t\t\t\t\t\t\t\t\t\t\t\t\t\t\t<\/div>\n\t\t\t\t<\/div>\n\t\t\t\t\t<\/div>\n\t\t<\/div>\n\t\t\t\t\t<\/div>\n\t\t<\/section>\n\t\t\t\t<section class=\"elementor-section elementor-top-section elementor-element elementor-element-41f5bf85 elementor-section-boxed elementor-section-height-default elementor-section-height-default\" data-id=\"41f5bf85\" data-element_type=\"section\" data-e-type=\"section\">\n\t\t\t\t\t\t<div class=\"elementor-container elementor-column-gap-default\">\n\t\t\t\t\t<div class=\"elementor-column elementor-col-100 elementor-top-column elementor-element elementor-element-2f3df381\" data-id=\"2f3df381\" data-element_type=\"column\" data-e-type=\"column\">\n\t\t\t<div class=\"elementor-widget-wrap elementor-element-populated\">\n\t\t\t\t\t\t<div class=\"elementor-element elementor-element-5107b4b3 elementor-widget elementor-widget-text-editor\" data-id=\"5107b4b3\" data-element_type=\"widget\" data-e-type=\"widget\" data-widget_type=\"text-editor.default\">\n\t\t\t\t<div class=\"elementor-widget-container\">\n\t\t\t\t\t\t\t\t\t<h2><strong>Tipos de ventiladores para elegir <\/strong><\/h2><p>Probablemente ahora que ya conoces todos los criterios que se deben tener en cuenta a la hora de <strong>elegir un ventilador de techo<\/strong>, te preguntes, \u00bfqu\u00e9 tipos existen? Bien, pues te adelantamos que puedes encontrar una <strong>gran variedad de modelos<\/strong> que cumplen con todas las funciones previamente mencionadas.<\/p><p>Existe una gran diversidad de ventiladores y cada uno presenta propiedades espec\u00edficas, entre ellos: los ventiladores silenciosos, ventiladores con o sin luz, con mando o modelos de ventiladores infantiles para las habitaciones de los m\u00e1s peque\u00f1os.<\/p><h3><strong>Ventiladores silenciosos <br \/><\/strong><\/h3><p>Esta es una de las prioridades que se suele tener en cuenta a la hora de comprar un ventilador, y es l\u00f3gico si lo que queremos es <strong>instalarlo en un dormitorio<\/strong>. En general, no suelen hacer mucho ruido, pero hay aspectos que pueden afectar como:<\/p><p>El tipo de motor: <strong>los motores de corriente continua (DC) son mucho m\u00e1s silenciosos que los motores de corriente alternan (AC)<\/strong>.<\/p><p>La velocidad de rotaci\u00f3n: a mayor velocidad, mayor ruido. Esto se produce debido al siseo de las palas al correr el aire. Por ello, lo mejor es elegir un <strong>ventilador grande girando despacio que un ventilador peque\u00f1o girando a mayor velocidad<\/strong>.<\/p>\t\t\t\t\t\t\t\t<\/div>\n\t\t\t\t<\/div>\n\t\t\t\t\t<\/div>\n\t\t<\/div>\n\t\t\t\t\t<\/div>\n\t\t<\/section>\n\t\t\t\t<section class=\"elementor-section elementor-top-section elementor-element elementor-element-37c95498 elementor-section-boxed elementor-section-height-default elementor-section-height-default\" data-id=\"37c95498\" data-element_type=\"section\" data-e-type=\"section\">\n\t\t\t\t\t\t<div class=\"elementor-container elementor-column-gap-default\">\n\t\t\t\t\t<div class=\"elementor-column elementor-col-100 elementor-top-column elementor-element elementor-element-20d2a40c\" data-id=\"20d2a40c\" data-element_type=\"column\" data-e-type=\"column\">\n\t\t\t<div class=\"elementor-widget-wrap elementor-element-populated\">\n\t\t\t\t\t\t<div class=\"elementor-element elementor-element-197f0e1b elementor-widget elementor-widget-image\" data-id=\"197f0e1b\" data-element_type=\"widget\" data-e-type=\"widget\" data-widget_type=\"image.default\">\n\t\t\t\t<div class=\"elementor-widget-container\">\n\t\t\t\t\t\t\t\t\t\t\t\t\t\t\t\t<a href=\"https:\/\/www.leonleds.com\/es\/ventilador-de-techo-led-tibet-negro-y-oro.html#\/342-color-dorado\">\n\t\t\t\t\t\t\t<img decoding=\"async\" width=\"1024\" height=\"1024\" src=\"https:\/\/www.leonleds.com\/blog\/wp-content\/uploads\/2022\/05\/7124_ambiente-1024x1024.jpg\" class=\"attachment-large size-large wp-image-1098\" alt=\"Ventilador de techo Tibet de Mantra Iluminaci\u00f3n\" srcset=\"https:\/\/www.leonleds.com\/blog\/wp-content\/uploads\/2022\/05\/7124_ambiente-1024x1024.jpg 1024w, https:\/\/www.leonleds.com\/blog\/wp-content\/uploads\/2022\/05\/7124_ambiente-300x300.jpg 300w, https:\/\/www.leonleds.com\/blog\/wp-content\/uploads\/2022\/05\/7124_ambiente-150x150.jpg 150w, https:\/\/www.leonleds.com\/blog\/wp-content\/uploads\/2022\/05\/7124_ambiente-768x768.jpg 768w, https:\/\/www.leonleds.com\/blog\/wp-content\/uploads\/2022\/05\/7124_ambiente-1536x1536.jpg 1536w, https:\/\/www.leonleds.com\/blog\/wp-content\/uploads\/2022\/05\/7124_ambiente.jpg 1973w\" sizes=\"(max-width: 1024px) 100vw, 1024px\" \/>\t\t\t\t\t\t\t\t<\/a>\n\t\t\t\t\t\t\t\t\t\t\t\t\t\t\t<\/div>\n\t\t\t\t<\/div>\n\t\t\t\t<div class=\"elementor-element elementor-element-ef1abc8 elementor-widget elementor-widget-image\" data-id=\"ef1abc8\" data-element_type=\"widget\" data-e-type=\"widget\" data-widget_type=\"image.default\">\n\t\t\t\t<div class=\"elementor-widget-container\">\n\t\t\t\t\t\t\t\t\t\t\t\t\t\t\t\t<a href=\"https:\/\/www.leonleds.com\/es\/ventilador-de-techo-con-luz-led-cromo-alisio-mantra.html\">\n\t\t\t\t\t\t\t<img loading=\"lazy\" decoding=\"async\" width=\"1024\" height=\"1024\" src=\"https:\/\/www.leonleds.com\/blog\/wp-content\/uploads\/2022\/05\/6706_AMBIENTE.jpg\" class=\"attachment-large size-large wp-image-1134\" alt=\"Ventilador de techo Alisio de Mantra Iluminaci\u00f3n\" srcset=\"https:\/\/www.leonleds.com\/blog\/wp-content\/uploads\/2022\/05\/6706_AMBIENTE.jpg 1024w, https:\/\/www.leonleds.com\/blog\/wp-content\/uploads\/2022\/05\/6706_AMBIENTE-300x300.jpg 300w, https:\/\/www.leonleds.com\/blog\/wp-content\/uploads\/2022\/05\/6706_AMBIENTE-150x150.jpg 150w, https:\/\/www.leonleds.com\/blog\/wp-content\/uploads\/2022\/05\/6706_AMBIENTE-768x768.jpg 768w\" sizes=\"(max-width: 1024px) 100vw, 1024px\" \/>\t\t\t\t\t\t\t\t<\/a>\n\t\t\t\t\t\t\t\t\t\t\t\t\t\t\t<\/div>\n\t\t\t\t<\/div>\n\t\t\t\t\t<\/div>\n\t\t<\/div>\n\t\t\t\t\t<\/div>\n\t\t<\/section>\n\t\t\t\t<section class=\"elementor-section elementor-top-section elementor-element elementor-element-36685cf0 elementor-section-boxed elementor-section-height-default elementor-section-height-default\" data-id=\"36685cf0\" data-element_type=\"section\" data-e-type=\"section\">\n\t\t\t\t\t\t<div class=\"elementor-container elementor-column-gap-default\">\n\t\t\t\t\t<div class=\"elementor-column elementor-col-100 elementor-top-column elementor-element elementor-element-75169914\" data-id=\"75169914\" data-element_type=\"column\" data-e-type=\"column\">\n\t\t\t<div class=\"elementor-widget-wrap elementor-element-populated\">\n\t\t\t\t\t\t<div class=\"elementor-element elementor-element-52985e93 elementor-widget elementor-widget-text-editor\" data-id=\"52985e93\" data-element_type=\"widget\" data-e-type=\"widget\" data-widget_type=\"text-editor.default\">\n\t\t\t\t<div class=\"elementor-widget-container\">\n\t\t\t\t\t\t\t\t\t<h3><strong>\u00bfVentilador con luz o sin luz?<br \/><\/strong><\/h3><p>Elegir un ventilador con o sin luz depender\u00e1 de las necesidades de la estancia en la que lo queramos colocar. A menos que dispongamos de una fuente de luz alternativa, los <strong>ventiladores de techo con luz incorporada pueden ser la opci\u00f3n m\u00e1s recomendable<\/strong>. Disponen de luz y ventilaci\u00f3n en un solo elemento de forma sincronizada o independiente. Encontramos dos tipos:<\/p><ul><li><strong>Ventiladores con bombilla<\/strong>, la luz procede de una bombilla con casquillo E14 o E27. Uno de los m\u00e1s vendidos con este sistema ser\u00eda el <a href=\"https:\/\/www.leonleds.com\/es\/ventilador-de-techo-con-luz-trondheim-negro-y-madera.html\"><u>ventilador de techo con luz Trondheim<\/u><\/a>.<\/li><li><strong>Ventiladores con luz led<\/strong> integrada formado por una luz led de consumo muy bajo, pero aportando una gran iluminaci\u00f3n. Algunos modelos disponen de una funci\u00f3n extra que nos permite regular la intensidad y el tono de luz a trav\u00e9s de una aplicaci\u00f3n o del mando a distancia que trae incorporado. Como por ejemplo el <a href=\"https:\/\/www.leonleds.com\/es\/ventilador-de-techo-led-regulable-negro-bombay.html\"><u>ventilador de techo LED regulable negro Bombay<\/u><\/a>.<\/li><\/ul><p>Los <strong>ventiladores sin luz son el modelo m\u00e1s sencillo<\/strong> y se pueden utilizar en estancias en las que ya tengamos instalada la iluminaci\u00f3n. Uno de los modelos m\u00e1s demandados ser\u00eda el <a href=\"https:\/\/www.leonleds.com\/es\/ventilador-de-techo-cobre-y-negro-mate-justfan.html\"><u>Ventilador de techo Cobre y Negro Mate JustFan<\/u>.<\/a><\/p>\t\t\t\t\t\t\t\t<\/div>\n\t\t\t\t<\/div>\n\t\t\t\t\t<\/div>\n\t\t<\/div>\n\t\t\t\t\t<\/div>\n\t\t<\/section>\n\t\t\t\t<section class=\"elementor-section elementor-top-section elementor-element elementor-element-251ab8b6 elementor-section-boxed elementor-section-height-default elementor-section-height-default\" data-id=\"251ab8b6\" data-element_type=\"section\" data-e-type=\"section\">\n\t\t\t\t\t\t<div class=\"elementor-container elementor-column-gap-default\">\n\t\t\t\t\t<div class=\"elementor-column elementor-col-100 elementor-top-column elementor-element elementor-element-75b45f60\" data-id=\"75b45f60\" data-element_type=\"column\" data-e-type=\"column\">\n\t\t\t<div class=\"elementor-widget-wrap elementor-element-populated\">\n\t\t\t\t\t\t<div class=\"elementor-element elementor-element-6e8bef45 elementor-widget elementor-widget-image\" data-id=\"6e8bef45\" data-element_type=\"widget\" data-e-type=\"widget\" data-widget_type=\"image.default\">\n\t\t\t\t<div class=\"elementor-widget-container\">\n\t\t\t\t\t\t\t\t\t\t\t\t\t\t\t\t<a href=\"https:\/\/www.leonleds.com\/es\/ventilador-de-techo-negro-mate-justfan.html#\/35-color-negro\/244-con_luz-no\/352-tecnologia_wiz-no\">\n\t\t\t\t\t\t\t<img loading=\"lazy\" decoding=\"async\" width=\"1024\" height=\"1024\" src=\"https:\/\/www.leonleds.com\/blog\/wp-content\/uploads\/2022\/05\/Screenshot-2022-05-20-at-13-24-08-Catalogo-2022-FAN-FARO.jpg\" class=\"attachment-large size-large wp-image-1101\" alt=\"Ventilador de techo Justfan de Faro Barcelona\" srcset=\"https:\/\/www.leonleds.com\/blog\/wp-content\/uploads\/2022\/05\/Screenshot-2022-05-20-at-13-24-08-Catalogo-2022-FAN-FARO.jpg 1024w, https:\/\/www.leonleds.com\/blog\/wp-content\/uploads\/2022\/05\/Screenshot-2022-05-20-at-13-24-08-Catalogo-2022-FAN-FARO-300x300.jpg 300w, https:\/\/www.leonleds.com\/blog\/wp-content\/uploads\/2022\/05\/Screenshot-2022-05-20-at-13-24-08-Catalogo-2022-FAN-FARO-150x150.jpg 150w, https:\/\/www.leonleds.com\/blog\/wp-content\/uploads\/2022\/05\/Screenshot-2022-05-20-at-13-24-08-Catalogo-2022-FAN-FARO-768x768.jpg 768w\" sizes=\"(max-width: 1024px) 100vw, 1024px\" \/>\t\t\t\t\t\t\t\t<\/a>\n\t\t\t\t\t\t\t\t\t\t\t\t\t\t\t<\/div>\n\t\t\t\t<\/div>\n\t\t\t\t\t<\/div>\n\t\t<\/div>\n\t\t\t\t\t<\/div>\n\t\t<\/section>\n\t\t\t\t<section class=\"elementor-section elementor-top-section elementor-element elementor-element-73d97531 elementor-section-boxed elementor-section-height-default elementor-section-height-default\" data-id=\"73d97531\" data-element_type=\"section\" data-e-type=\"section\">\n\t\t\t\t\t\t<div class=\"elementor-container elementor-column-gap-default\">\n\t\t\t\t\t<div class=\"elementor-column elementor-col-100 elementor-top-column elementor-element elementor-element-7d66e3a2\" data-id=\"7d66e3a2\" data-element_type=\"column\" data-e-type=\"column\">\n\t\t\t<div class=\"elementor-widget-wrap elementor-element-populated\">\n\t\t\t\t\t\t<div class=\"elementor-element elementor-element-79921979 elementor-widget elementor-widget-text-editor\" data-id=\"79921979\" data-element_type=\"widget\" data-e-type=\"widget\" data-widget_type=\"text-editor.default\">\n\t\t\t\t<div class=\"elementor-widget-container\">\n\t\t\t\t\t\t\t\t\t<h3><strong>Ventiladores Infantiles<br \/><\/strong><\/h3><p>Llega el verano, y la habitaci\u00f3n de los m\u00e1s peques tambi\u00e9n necesitan estar equipadas para refrescar el ambiente. La <strong>mejor opci\u00f3n para ellos es un ventilador de techo infantil<\/strong>, que aparte de refrescar la habitaci\u00f3n de tu peque\u00f1o, tambi\u00e9n sea un producto seguro para ellos ya que permanecer\u00e1 instalado en sus habitaciones. Los ventiladores de techo para ni\u00f1os son coloridos para que llamen su atenci\u00f3n y a la vez decorativos y funcionales. El modelo que m\u00e1s gusta a los peques es nuestro <a href=\"https:\/\/www.leonleds.com\/es\/ventilador-de-techo-delfin-o77-cm-e27-con-luz-led-colores-pastel.html\"><u>ventilador de Techo Delfin \u00d877 CM E27 Con Luz Led Colores Pastel<\/u>.<\/a><\/p>\t\t\t\t\t\t\t\t<\/div>\n\t\t\t\t<\/div>\n\t\t\t\t\t<\/div>\n\t\t<\/div>\n\t\t\t\t\t<\/div>\n\t\t<\/section>\n\t\t\t\t<section class=\"elementor-section elementor-top-section elementor-element elementor-element-3bd8e073 elementor-section-boxed elementor-section-height-default elementor-section-height-default\" data-id=\"3bd8e073\" data-element_type=\"section\" data-e-type=\"section\">\n\t\t\t\t\t\t<div class=\"elementor-container elementor-column-gap-default\">\n\t\t\t\t\t<div class=\"elementor-column elementor-col-100 elementor-top-column elementor-element elementor-element-47ad5978\" data-id=\"47ad5978\" data-element_type=\"column\" data-e-type=\"column\">\n\t\t\t<div class=\"elementor-widget-wrap elementor-element-populated\">\n\t\t\t\t\t\t<div class=\"elementor-element elementor-element-30f16330 elementor-widget elementor-widget-image\" data-id=\"30f16330\" data-element_type=\"widget\" data-e-type=\"widget\" data-widget_type=\"image.default\">\n\t\t\t\t<div class=\"elementor-widget-container\">\n\t\t\t\t\t\t\t\t\t\t\t\t\t\t\t\t<a href=\"https:\/\/www.leonleds.com\/es\/ventilador-de-techo-delfin-o77-cm-e27-con-luz-led-colores-pastel.html\">\n\t\t\t\t\t\t\t<img loading=\"lazy\" decoding=\"async\" width=\"1000\" height=\"1000\" src=\"https:\/\/www.leonleds.com\/blog\/wp-content\/uploads\/2022\/05\/ventilador-blanco-delfin-6-aspas-c-pastel-1xe27-41x85x85-cm-3-velocidades.png\" class=\"attachment-large size-large wp-image-1097\" alt=\"Ventilador de techo Delfin de Fabrilamp\" srcset=\"https:\/\/www.leonleds.com\/blog\/wp-content\/uploads\/2022\/05\/ventilador-blanco-delfin-6-aspas-c-pastel-1xe27-41x85x85-cm-3-velocidades.png 1000w, https:\/\/www.leonleds.com\/blog\/wp-content\/uploads\/2022\/05\/ventilador-blanco-delfin-6-aspas-c-pastel-1xe27-41x85x85-cm-3-velocidades-300x300.png 300w, https:\/\/www.leonleds.com\/blog\/wp-content\/uploads\/2022\/05\/ventilador-blanco-delfin-6-aspas-c-pastel-1xe27-41x85x85-cm-3-velocidades-150x150.png 150w, https:\/\/www.leonleds.com\/blog\/wp-content\/uploads\/2022\/05\/ventilador-blanco-delfin-6-aspas-c-pastel-1xe27-41x85x85-cm-3-velocidades-768x768.png 768w\" sizes=\"(max-width: 1000px) 100vw, 1000px\" \/>\t\t\t\t\t\t\t\t<\/a>\n\t\t\t\t\t\t\t\t\t\t\t\t\t\t\t<\/div>\n\t\t\t\t<\/div>\n\t\t\t\t\t<\/div>\n\t\t<\/div>\n\t\t\t\t\t<\/div>\n\t\t<\/section>\n\t\t\t\t<\/div>\n\t\t","protected":false},"excerpt":{"rendered":"<p>Los ventiladores de techo son un elemento clave para refrescar las habitaciones en verano, aunque algunos modelos tambi\u00e9n nos dan la posibilidad de distribuir mejor la calefacci\u00f3n por la habitaci\u00f3n en invierno. Los ventiladores actualmente, aparte de ser funcionales, son considerados como un elemento decorativo m\u00e1s de la vivienda. Lo m\u00e1s importante a la hora &#8230; <a title=\"\u00bfC\u00f3mo elegir un ventilador de techo?\" class=\"read-more\" href=\"https:\/\/www.leonleds.com\/blog\/como-elegir-un-ventilador-de-techo\/\" aria-label=\"Leer m\u00e1s sobre \u00bfC\u00f3mo elegir un ventilador de techo?\">Leer m\u00e1s<\/a><\/p>\n","protected":false},"author":1,"featured_media":1259,"comment_status":"open","ping_status":"open","sticky":false,"template":"","format":"standard","meta":{"footnotes":""},"categories":[11],"tags":[14,61,66,67,90,108,310],"class_list":["post-1092","post","type-post","status-publish","format-standard","has-post-thumbnail","hentry","category-ventiladores","tag-que-ventilador-de-techo-escoger","tag-catalogo-de-ventiladores-de-techo","tag-como-elegir-el-mejor-ventilador-de-techo","tag-como-elegir-un-ventilador-de-techo","tag-comprar-un-ventilador-de-techo","tag-elegir-el-mejor-ventilador-de-techo","tag-ventiladores-led-de-techo"],"_links":{"self":[{"href":"https:\/\/www.leonleds.com\/blog\/wp-json\/wp\/v2\/posts\/1092","targetHints":{"allow":["GET"]}}],"collection":[{"href":"https:\/\/www.leonleds.com\/blog\/wp-json\/wp\/v2\/posts"}],"about":[{"href":"https:\/\/www.leonleds.com\/blog\/wp-json\/wp\/v2\/types\/post"}],"author":[{"embeddable":true,"href":"https:\/\/www.leonleds.com\/blog\/wp-json\/wp\/v2\/users\/1"}],"replies":[{"embeddable":true,"href":"https:\/\/www.leonleds.com\/blog\/wp-json\/wp\/v2\/comments?post=1092"}],"version-history":[{"count":0,"href":"https:\/\/www.leonleds.com\/blog\/wp-json\/wp\/v2\/posts\/1092\/revisions"}],"wp:featuredmedia":[{"embeddable":true,"href":"https:\/\/www.leonleds.com\/blog\/wp-json\/wp\/v2\/media\/1259"}],"wp:attachment":[{"href":"https:\/\/www.leonleds.com\/blog\/wp-json\/wp\/v2\/media?parent=1092"}],"wp:term":[{"taxonomy":"category","embeddable":true,"href":"https:\/\/www.leonleds.com\/blog\/wp-json\/wp\/v2\/categories?post=1092"},{"taxonomy":"post_tag","embeddable":true,"href":"https:\/\/www.leonleds.com\/blog\/wp-json\/wp\/v2\/tags?post=1092"}],"curies":[{"name":"wp","href":"https:\/\/api.w.org\/{rel}","templated":true}]}}