{"id":1844,"date":"2023-05-04T15:28:55","date_gmt":"2023-05-04T15:28:55","guid":{"rendered":"https:\/\/www.leonleds.com\/blog\/?p=1844"},"modified":"2023-05-04T15:28:55","modified_gmt":"2023-05-04T15:28:55","slug":"faq-preguntas-tecnicas-de-iluminacion","status":"publish","type":"post","link":"https:\/\/www.leonleds.com\/blog\/faq-preguntas-tecnicas-de-iluminacion\/","title":{"rendered":"FAQ preguntas t\u00e9cnicas de iluminaci\u00f3n"},"content":{"rendered":"\t\t<div data-elementor-type=\"wp-post\" data-elementor-id=\"1844\" class=\"elementor elementor-1844\">\n\t\t\t\t\t\t<section class=\"elementor-section elementor-top-section elementor-element elementor-element-7d664bc1 elementor-section-boxed elementor-section-height-default elementor-section-height-default\" data-id=\"7d664bc1\" data-element_type=\"section\" data-e-type=\"section\">\n\t\t\t\t\t\t<div class=\"elementor-container elementor-column-gap-default\">\n\t\t\t\t\t\t<\/div>\n\t\t<\/section>\n\t\t\t\t<section class=\"elementor-section elementor-top-section elementor-element elementor-element-68fb5233 elementor-section-boxed elementor-section-height-default elementor-section-height-default\" data-id=\"68fb5233\" data-element_type=\"section\" data-e-type=\"section\">\n\t\t\t\t\t\t<div class=\"elementor-container elementor-column-gap-default\">\n\t\t\t\t\t<div class=\"elementor-column elementor-col-100 elementor-top-column elementor-element elementor-element-3b6f2dd6\" data-id=\"3b6f2dd6\" data-element_type=\"column\" data-e-type=\"column\">\n\t\t\t<div class=\"elementor-widget-wrap elementor-element-populated\">\n\t\t\t\t\t\t<div class=\"elementor-element elementor-element-e3f6f0e elementor-widget elementor-widget-text-editor\" data-id=\"e3f6f0e\" data-element_type=\"widget\" data-e-type=\"widget\" data-widget_type=\"text-editor.default\">\n\t\t\t\t<div class=\"elementor-widget-container\">\n\t\t\t\t\t\t\t\t\t<div><h2><strong>\u00bfQu\u00e9 es la temperatura de color y c\u00f3mo afecta a la iluminaci\u00f3n?<\/strong><\/h2><div><div><p>La <strong>temperatura de color<\/strong> es una <strong>medida de la apariencia del color<\/strong> de la luz emitida por una fuente de luz, que <strong>se expresa en grados Kelvin (K)<\/strong>. Se refiere a c\u00f3mo percibimos el color de la luz que emite una fuente de iluminaci\u00f3n. La temperatura de color se puede describir como <strong>\u00abc\u00e1lido\u00bb o \u00abfr\u00edo\u00bb<\/strong>, y afecta la apariencia de los colores en un entorno determinado.<\/p><\/div><div><p>La temperatura de color <strong>afecta a la iluminaci\u00f3n en la medida en que puede influir en la percepci\u00f3n visual<\/strong> y en la forma en que se ve el espacio iluminado. Para la iluminaci\u00f3n de interiores, la elecci\u00f3n de una temperatura de color adecuada es <strong>importante para garantizar<\/strong> la calidad de la iluminaci\u00f3n y <strong>nuestra comodidad visual<\/strong>. La elecci\u00f3n de la temperatura de color adecuada depende de la funci\u00f3n del espacio iluminado y del efecto visual deseado.<\/p><\/div><\/div><\/div>\t\t\t\t\t\t\t\t<\/div>\n\t\t\t\t<\/div>\n\t\t\t\t\t<\/div>\n\t\t<\/div>\n\t\t\t\t\t<\/div>\n\t\t<\/section>\n\t\t\t\t<section class=\"elementor-section elementor-top-section elementor-element elementor-element-1039531c elementor-section-boxed elementor-section-height-default elementor-section-height-default\" data-id=\"1039531c\" data-element_type=\"section\" data-e-type=\"section\">\n\t\t\t\t\t\t<div class=\"elementor-container elementor-column-gap-default\">\n\t\t\t\t\t<div class=\"elementor-column elementor-col-100 elementor-top-column elementor-element elementor-element-6dbffa2d\" data-id=\"6dbffa2d\" data-element_type=\"column\" data-e-type=\"column\">\n\t\t\t<div class=\"elementor-widget-wrap elementor-element-populated\">\n\t\t\t\t\t\t<div class=\"elementor-element elementor-element-69139add elementor-widget elementor-widget-text-editor\" data-id=\"69139add\" data-element_type=\"widget\" data-e-type=\"widget\" data-widget_type=\"text-editor.default\">\n\t\t\t\t<div class=\"elementor-widget-container\">\n\t\t\t\t\t\t\t\t\t<div><h2><strong>\u00bfQu\u00e9 es el \u00edndice de reproducci\u00f3n crom\u00e1tica (IRC) y por qu\u00e9 es importante?<\/strong><\/h2><div><div><p>El<strong> \u00edndice de reproducci\u00f3n crom\u00e1tica (IRC)<\/strong> es una <strong>medida de la capacidad de una fuente de luz<\/strong> para reproducir los colores de los objetos iluminados en comparaci\u00f3n con una fuente de luz de referencia, como la luz natural o la luz del sol. El IRC <strong>se mide en una escala de 0 a 100,<\/strong> donde <strong>una puntuaci\u00f3n m\u00e1s alta indica una reproducci\u00f3n crom\u00e1tica m\u00e1s precisa.<\/strong><\/p><\/div><div><p>Es importante tener en cuenta el IRC porque <strong>influye en c\u00f3mo se ven los colores bajo la luz artificial.<\/strong>La calidad de la reproducci\u00f3n crom\u00e1tica de la luz es especialmente importante en entornos como tiendas, museos, galer\u00edas de arte, hospitales y espacios de trabajo, donde una reproducci\u00f3n crom\u00e1tica precisa es necesaria para una percepci\u00f3n visual adecuada.<\/p><\/div><\/div><\/div>\t\t\t\t\t\t\t\t<\/div>\n\t\t\t\t<\/div>\n\t\t\t\t\t<\/div>\n\t\t<\/div>\n\t\t\t\t\t<\/div>\n\t\t<\/section>\n\t\t\t\t<section class=\"elementor-section elementor-top-section elementor-element elementor-element-52eec614 elementor-section-boxed elementor-section-height-default elementor-section-height-default\" data-id=\"52eec614\" data-element_type=\"section\" data-e-type=\"section\">\n\t\t\t\t\t\t<div class=\"elementor-container elementor-column-gap-default\">\n\t\t\t\t\t<div class=\"elementor-column elementor-col-100 elementor-top-column elementor-element elementor-element-703e934c\" data-id=\"703e934c\" data-element_type=\"column\" data-e-type=\"column\">\n\t\t\t<div class=\"elementor-widget-wrap elementor-element-populated\">\n\t\t\t\t\t\t<div class=\"elementor-element elementor-element-699d45d elementor-widget elementor-widget-image\" data-id=\"699d45d\" data-element_type=\"widget\" data-e-type=\"widget\" data-widget_type=\"image.default\">\n\t\t\t\t<div class=\"elementor-widget-container\">\n\t\t\t\t\t\t\t\t\t\t\t\t\t\t\t<img fetchpriority=\"high\" decoding=\"async\" width=\"1024\" height=\"1024\" src=\"https:\/\/www.leonleds.com\/blog\/wp-content\/uploads\/2023\/05\/temperatura-de-color-e1507826496158.png\" class=\"attachment-large size-large wp-image-1845\" alt=\"\u00cdndice de reproducci\u00f3n crom\u00e1tica\" srcset=\"https:\/\/www.leonleds.com\/blog\/wp-content\/uploads\/2023\/05\/temperatura-de-color-e1507826496158.png 1024w, https:\/\/www.leonleds.com\/blog\/wp-content\/uploads\/2023\/05\/temperatura-de-color-e1507826496158-300x300.png 300w, https:\/\/www.leonleds.com\/blog\/wp-content\/uploads\/2023\/05\/temperatura-de-color-e1507826496158-150x150.png 150w, https:\/\/www.leonleds.com\/blog\/wp-content\/uploads\/2023\/05\/temperatura-de-color-e1507826496158-768x768.png 768w\" sizes=\"(max-width: 1024px) 100vw, 1024px\" \/>\t\t\t\t\t\t\t\t\t\t\t\t\t\t\t<\/div>\n\t\t\t\t<\/div>\n\t\t\t\t\t<\/div>\n\t\t<\/div>\n\t\t\t\t\t<\/div>\n\t\t<\/section>\n\t\t\t\t<section class=\"elementor-section elementor-top-section elementor-element elementor-element-26b17886 elementor-section-boxed elementor-section-height-default elementor-section-height-default\" data-id=\"26b17886\" data-element_type=\"section\" data-e-type=\"section\">\n\t\t\t\t\t\t<div class=\"elementor-container elementor-column-gap-default\">\n\t\t\t\t\t<div class=\"elementor-column elementor-col-100 elementor-top-column elementor-element elementor-element-4afaf39e\" data-id=\"4afaf39e\" data-element_type=\"column\" data-e-type=\"column\">\n\t\t\t<div class=\"elementor-widget-wrap elementor-element-populated\">\n\t\t\t\t\t\t<div class=\"elementor-element elementor-element-5ccfc6a4 elementor-widget elementor-widget-text-editor\" data-id=\"5ccfc6a4\" data-element_type=\"widget\" data-e-type=\"widget\" data-widget_type=\"text-editor.default\">\n\t\t\t\t<div class=\"elementor-widget-container\">\n\t\t\t\t\t\t\t\t\t<div><h2><strong>\u00bfC\u00f3mo se calcula la cantidad de luz necesaria para una habitaci\u00f3n?<\/strong><\/h2><div><div><p>La cantidad de luz necesaria para una habitaci\u00f3n <strong>depende de varios factores<\/strong>, como el <strong>tama\u00f1o de la habitaci\u00f3n, la altura del techo, el uso previsto de la habitaci\u00f3n y la ubicaci\u00f3n geogr\u00e1fica.<\/strong> Sin embargo, una forma general de calcular la cantidad de luz necesaria es utilizando la f\u00f3rmula de luminancia recomendada, que <strong>se expresa en lux (lx).<\/strong><\/p><\/div><div><p>La luminancia es la cantidad de luz que llega a una superficie, medida en lux (lx). La cantidad de luz necesaria para una habitaci\u00f3n<strong> se calcula multiplicando la superficie de la habitaci\u00f3n en metros cuadrados (m\u00b2) por la luminancia<\/strong> recomendada para el uso previsto de la habitaci\u00f3n en lux. La luminancia recomendada var\u00eda seg\u00fan el uso previsto de la habitaci\u00f3n.<\/p><\/div><div><p>Se recomienda una mayor cantidad de luz para habitaciones con techos m\u00e1s altos y en ubicaciones con menos luz natural disponible.<\/p><\/div><\/div><\/div>\t\t\t\t\t\t\t\t<\/div>\n\t\t\t\t<\/div>\n\t\t\t\t\t<\/div>\n\t\t<\/div>\n\t\t\t\t\t<\/div>\n\t\t<\/section>\n\t\t\t\t<section class=\"elementor-section elementor-top-section elementor-element elementor-element-765054c8 elementor-section-boxed elementor-section-height-default elementor-section-height-default\" data-id=\"765054c8\" data-element_type=\"section\" data-e-type=\"section\">\n\t\t\t\t\t\t<div class=\"elementor-container elementor-column-gap-default\">\n\t\t\t\t\t<div class=\"elementor-column elementor-col-100 elementor-top-column elementor-element elementor-element-6bfc081b\" data-id=\"6bfc081b\" data-element_type=\"column\" data-e-type=\"column\">\n\t\t\t<div class=\"elementor-widget-wrap elementor-element-populated\">\n\t\t\t\t\t\t<div class=\"elementor-element elementor-element-3d575a67 elementor-widget elementor-widget-image\" data-id=\"3d575a67\" data-element_type=\"widget\" data-e-type=\"widget\" data-widget_type=\"image.default\">\n\t\t\t\t<div class=\"elementor-widget-container\">\n\t\t\t\t\t\t\t\t\t\t\t\t\t\t\t\t<a href=\"https:\/\/www.leonleds.com\/es\/aplique-de-pared-moderno-cellar-con-1-o-2-luces.html#\/35-color-negro\/308-numero_de_luces-1_luz\">\n\t\t\t\t\t\t\t<img decoding=\"async\" width=\"1024\" height=\"1024\" src=\"https:\/\/www.leonleds.com\/blog\/wp-content\/uploads\/2023\/05\/7636-7638-7639_AMBIENTERGB.png\" class=\"attachment-large size-large wp-image-1846\" alt=\"Iluminaci\u00f3n habitaci\u00f3n\" srcset=\"https:\/\/www.leonleds.com\/blog\/wp-content\/uploads\/2023\/05\/7636-7638-7639_AMBIENTERGB.png 1024w, https:\/\/www.leonleds.com\/blog\/wp-content\/uploads\/2023\/05\/7636-7638-7639_AMBIENTERGB-300x300.png 300w, https:\/\/www.leonleds.com\/blog\/wp-content\/uploads\/2023\/05\/7636-7638-7639_AMBIENTERGB-150x150.png 150w, https:\/\/www.leonleds.com\/blog\/wp-content\/uploads\/2023\/05\/7636-7638-7639_AMBIENTERGB-768x768.png 768w\" sizes=\"(max-width: 1024px) 100vw, 1024px\" \/>\t\t\t\t\t\t\t\t<\/a>\n\t\t\t\t\t\t\t\t\t\t\t\t\t\t\t<\/div>\n\t\t\t\t<\/div>\n\t\t\t\t\t<\/div>\n\t\t<\/div>\n\t\t\t\t\t<\/div>\n\t\t<\/section>\n\t\t\t\t<section class=\"elementor-section elementor-top-section elementor-element elementor-element-58904112 elementor-section-boxed elementor-section-height-default elementor-section-height-default\" data-id=\"58904112\" data-element_type=\"section\" data-e-type=\"section\">\n\t\t\t\t\t\t<div class=\"elementor-container elementor-column-gap-default\">\n\t\t\t\t\t<div class=\"elementor-column elementor-col-100 elementor-top-column elementor-element elementor-element-497d4ac9\" data-id=\"497d4ac9\" data-element_type=\"column\" data-e-type=\"column\">\n\t\t\t<div class=\"elementor-widget-wrap elementor-element-populated\">\n\t\t\t\t\t\t<div class=\"elementor-element elementor-element-1cb9fd8d elementor-widget elementor-widget-text-editor\" data-id=\"1cb9fd8d\" data-element_type=\"widget\" data-e-type=\"widget\" data-widget_type=\"text-editor.default\">\n\t\t\t\t<div class=\"elementor-widget-container\">\n\t\t\t\t\t\t\t\t\t<div><h2><strong>\u00bfCu\u00e1l es la diferencia entre la iluminaci\u00f3n directa e indirecta?<\/strong><\/h2><div><div><p>La <strong>iluminaci\u00f3n directa<\/strong> se refiere a una <strong>fuente de luz que est\u00e1 dirigida directamente hacia un objeto o superficie.<\/strong> Este tipo de iluminaci\u00f3n se utiliza a menudo para crear acentos o destacar objetos espec\u00edficos, un mueble o una pared decorativa.<\/p><\/div><div><p>En cambio, la <strong>iluminaci\u00f3n indirecta<\/strong> se refiere a una fuente de luz que s<strong>e refleja en una superficie antes de iluminar la habitaci\u00f3n.<\/strong> Este tipo de iluminaci\u00f3n se utiliza a menudo <strong>para crear un ambiente agradable y relajante<\/strong>, y para reducir el deslumbramiento y la fatiga visual.<\/p><\/div><div><p><strong>Ambos tipos de iluminaci\u00f3n se pueden combinar<\/strong> para lograr diferentes efectos y cumplir diferentes necesidades. La elecci\u00f3n entre iluminaci\u00f3n directa e indirecta depender\u00e1 del uso previsto de la habitaci\u00f3n y del efecto visual deseado.<\/p><\/div><\/div><\/div>\t\t\t\t\t\t\t\t<\/div>\n\t\t\t\t<\/div>\n\t\t\t\t\t<\/div>\n\t\t<\/div>\n\t\t\t\t\t<\/div>\n\t\t<\/section>\n\t\t\t\t<section class=\"elementor-section elementor-top-section elementor-element elementor-element-8c9428d elementor-section-boxed elementor-section-height-default elementor-section-height-default\" data-id=\"8c9428d\" data-element_type=\"section\" data-e-type=\"section\">\n\t\t\t\t\t\t<div class=\"elementor-container elementor-column-gap-default\">\n\t\t\t\t\t<div class=\"elementor-column elementor-col-100 elementor-top-column elementor-element elementor-element-4165c24\" data-id=\"4165c24\" data-element_type=\"column\" data-e-type=\"column\">\n\t\t\t<div class=\"elementor-widget-wrap elementor-element-populated\">\n\t\t\t\t\t\t<div class=\"elementor-element elementor-element-3f98dd17 elementor-widget elementor-widget-image\" data-id=\"3f98dd17\" data-element_type=\"widget\" data-e-type=\"widget\" data-widget_type=\"image.default\">\n\t\t\t\t<div class=\"elementor-widget-container\">\n\t\t\t\t\t\t\t\t\t\t\t\t\t\t\t\t<a href=\"https:\/\/www.leonleds.com\/es\/aplique-de-pared-led-rec-blanco-375w.html\">\n\t\t\t\t\t\t\t<img decoding=\"async\" width=\"1024\" height=\"1024\" src=\"https:\/\/www.leonleds.com\/blog\/wp-content\/uploads\/2023\/05\/keL3QW7w.png\" class=\"attachment-large size-large wp-image-1847\" alt=\"Iluminaci\u00f3n indirecta\" srcset=\"https:\/\/www.leonleds.com\/blog\/wp-content\/uploads\/2023\/05\/keL3QW7w.png 1024w, https:\/\/www.leonleds.com\/blog\/wp-content\/uploads\/2023\/05\/keL3QW7w-300x300.png 300w, https:\/\/www.leonleds.com\/blog\/wp-content\/uploads\/2023\/05\/keL3QW7w-150x150.png 150w, https:\/\/www.leonleds.com\/blog\/wp-content\/uploads\/2023\/05\/keL3QW7w-768x768.png 768w\" sizes=\"(max-width: 1024px) 100vw, 1024px\" \/>\t\t\t\t\t\t\t\t<\/a>\n\t\t\t\t\t\t\t\t\t\t\t\t\t\t\t<\/div>\n\t\t\t\t<\/div>\n\t\t\t\t\t<\/div>\n\t\t<\/div>\n\t\t\t\t\t<\/div>\n\t\t<\/section>\n\t\t\t\t<section class=\"elementor-section elementor-top-section elementor-element elementor-element-36e5921d elementor-section-boxed elementor-section-height-default elementor-section-height-default\" data-id=\"36e5921d\" data-element_type=\"section\" data-e-type=\"section\">\n\t\t\t\t\t\t<div class=\"elementor-container elementor-column-gap-default\">\n\t\t\t\t\t<div class=\"elementor-column elementor-col-100 elementor-top-column elementor-element elementor-element-16c317f5\" data-id=\"16c317f5\" data-element_type=\"column\" data-e-type=\"column\">\n\t\t\t<div class=\"elementor-widget-wrap elementor-element-populated\">\n\t\t\t\t\t\t<div class=\"elementor-element elementor-element-34ce6a9d elementor-widget elementor-widget-text-editor\" data-id=\"34ce6a9d\" data-element_type=\"widget\" data-e-type=\"widget\" data-widget_type=\"text-editor.default\">\n\t\t\t\t<div class=\"elementor-widget-container\">\n\t\t\t\t\t\t\t\t\t<div><h2><strong>\u00bfCu\u00e1l es la diferencia entre la iluminaci\u00f3n de acento y la iluminaci\u00f3n general?<\/strong><\/h2><div><div><p><strong>Iluminaci\u00f3n general:<\/strong> es la iluminaci\u00f3n principal, <strong>se utiliza para proporcionar luz a toda una habitaci\u00f3n o espacio.<\/strong> Esta iluminaci\u00f3n se puede lograr mediante el uso de l\u00e1mparas de techo, focos, paneles LED o cualquier otro tipo de iluminaci\u00f3n que proporcione una iluminaci\u00f3n uniforme.<\/p><\/div><div><p><strong>Iluminaci\u00f3n de acento:<\/strong> se utiliza p<strong>ara destacar o acentuar caracter\u00edsticas espec\u00edficas de un espacio<\/strong>, como obras de arte, objetos decorativos, paredes de acento, entre otros. Esta iluminaci\u00f3n se puede lograr mediante el uso de luces empotradas, luces colgantes, l\u00e1mparas de mesa&#8230;Se enfoca en destacar elementos espec\u00edficos en una habitaci\u00f3n.<\/p><\/div><div><p><strong>Ambas son importantes en el dise\u00f1o de iluminaci\u00f3n, y la combinaci\u00f3n adecuada de ambas puede crear un ambiente c\u00e1lido, acogedor y funcional.<\/strong><\/p><\/div><\/div><\/div>\t\t\t\t\t\t\t\t<\/div>\n\t\t\t\t<\/div>\n\t\t\t\t\t<\/div>\n\t\t<\/div>\n\t\t\t\t\t<\/div>\n\t\t<\/section>\n\t\t\t\t<section class=\"elementor-section elementor-top-section elementor-element elementor-element-41e1eec0 elementor-section-boxed elementor-section-height-default elementor-section-height-default\" data-id=\"41e1eec0\" data-element_type=\"section\" data-e-type=\"section\">\n\t\t\t\t\t\t<div class=\"elementor-container elementor-column-gap-default\">\n\t\t\t\t\t<div class=\"elementor-column elementor-col-100 elementor-top-column elementor-element elementor-element-56b976b6\" data-id=\"56b976b6\" data-element_type=\"column\" data-e-type=\"column\">\n\t\t\t<div class=\"elementor-widget-wrap elementor-element-populated\">\n\t\t\t\t\t\t<div class=\"elementor-element elementor-element-5f9b721 elementor-widget elementor-widget-image\" data-id=\"5f9b721\" data-element_type=\"widget\" data-e-type=\"widget\" data-widget_type=\"image.default\">\n\t\t\t\t<div class=\"elementor-widget-container\">\n\t\t\t\t\t\t\t\t\t\t\t\t\t\t\t\t<a href=\"https:\/\/www.leonleds.com\/es\/lampara-de-pie-led-negra-inteligente-gradient-signe-cambia-de-tono-de-luz-2000k-hasta-6500k-y-de-color-rgb.html#\/35-color-negro\">\n\t\t\t\t\t\t\t<img loading=\"lazy\" decoding=\"async\" width=\"1024\" height=\"1024\" src=\"https:\/\/www.leonleds.com\/blog\/wp-content\/uploads\/2023\/05\/2.png\" class=\"attachment-large size-large wp-image-1852\" alt=\"Iluminaci\u00f3n de acento\" srcset=\"https:\/\/www.leonleds.com\/blog\/wp-content\/uploads\/2023\/05\/2.png 1024w, https:\/\/www.leonleds.com\/blog\/wp-content\/uploads\/2023\/05\/2-300x300.png 300w, https:\/\/www.leonleds.com\/blog\/wp-content\/uploads\/2023\/05\/2-150x150.png 150w, https:\/\/www.leonleds.com\/blog\/wp-content\/uploads\/2023\/05\/2-768x768.png 768w\" sizes=\"(max-width: 1024px) 100vw, 1024px\" \/>\t\t\t\t\t\t\t\t<\/a>\n\t\t\t\t\t\t\t\t\t\t\t\t\t\t\t<\/div>\n\t\t\t\t<\/div>\n\t\t\t\t\t<\/div>\n\t\t<\/div>\n\t\t\t\t\t<\/div>\n\t\t<\/section>\n\t\t\t\t<section class=\"elementor-section elementor-top-section elementor-element elementor-element-9743ad5 elementor-section-boxed elementor-section-height-default elementor-section-height-default\" data-id=\"9743ad5\" data-element_type=\"section\" data-e-type=\"section\">\n\t\t\t\t\t\t<div class=\"elementor-container elementor-column-gap-default\">\n\t\t\t\t\t<div class=\"elementor-column elementor-col-100 elementor-top-column elementor-element elementor-element-5e475cff\" data-id=\"5e475cff\" data-element_type=\"column\" data-e-type=\"column\">\n\t\t\t<div class=\"elementor-widget-wrap elementor-element-populated\">\n\t\t\t\t\t\t<div class=\"elementor-element elementor-element-5f7f5a47 elementor-widget elementor-widget-text-editor\" data-id=\"5f7f5a47\" data-element_type=\"widget\" data-e-type=\"widget\" data-widget_type=\"text-editor.default\">\n\t\t\t\t<div class=\"elementor-widget-container\">\n\t\t\t\t\t\t\t\t\t<div><h2><strong>\u00bfQu\u00e9 es el flujo luminoso?<\/strong><\/h2><div><div><p>El flujo luminoso es una <strong>medida de la cantidad de luz emitida por una fuente de luz.<\/strong> <strong>Se mide en l\u00famenes (lm)<\/strong> y es una medida de la cantidad total de luz visible que emite una fuente de luz en todas las direcciones. La cantidad de l\u00famenes que emite una fuente de luz depende de varios factores, como la potencia de la fuente de luz, la eficiencia de la fuente de luz y el \u00e1ngulo de apertura de la fuente de luz. <strong>Cuanto m\u00e1s l\u00famenes emita una fuente de luz, m\u00e1s brillante ser\u00e1 la luz.<\/strong><\/p><\/div><div><p>La medici\u00f3n del flujo luminoso <strong>es importante para determinar la cantidad de luz que se necesita en una habitaci\u00f3n o espacio determinado.<\/strong><\/p><\/div><\/div><\/div>\t\t\t\t\t\t\t\t<\/div>\n\t\t\t\t<\/div>\n\t\t\t\t\t<\/div>\n\t\t<\/div>\n\t\t\t\t\t<\/div>\n\t\t<\/section>\n\t\t\t\t<section class=\"elementor-section elementor-top-section elementor-element elementor-element-608af89c elementor-section-boxed elementor-section-height-default elementor-section-height-default\" data-id=\"608af89c\" data-element_type=\"section\" data-e-type=\"section\">\n\t\t\t\t\t\t<div class=\"elementor-container elementor-column-gap-default\">\n\t\t\t\t\t<div class=\"elementor-column elementor-col-100 elementor-top-column elementor-element elementor-element-42d19b02\" data-id=\"42d19b02\" data-element_type=\"column\" data-e-type=\"column\">\n\t\t\t<div class=\"elementor-widget-wrap elementor-element-populated\">\n\t\t\t\t\t\t<div class=\"elementor-element elementor-element-417949c1 elementor-widget elementor-widget-image\" data-id=\"417949c1\" data-element_type=\"widget\" data-e-type=\"widget\" data-widget_type=\"image.default\">\n\t\t\t\t<div class=\"elementor-widget-container\">\n\t\t\t\t\t\t\t\t\t\t\t\t\t\t\t<img loading=\"lazy\" decoding=\"async\" width=\"1024\" height=\"1024\" src=\"https:\/\/www.leonleds.com\/blog\/wp-content\/uploads\/2023\/05\/Tamano-Ventiladores.png\" class=\"attachment-large size-large wp-image-1848\" alt=\"\" srcset=\"https:\/\/www.leonleds.com\/blog\/wp-content\/uploads\/2023\/05\/Tamano-Ventiladores.png 1024w, https:\/\/www.leonleds.com\/blog\/wp-content\/uploads\/2023\/05\/Tamano-Ventiladores-300x300.png 300w, https:\/\/www.leonleds.com\/blog\/wp-content\/uploads\/2023\/05\/Tamano-Ventiladores-150x150.png 150w, https:\/\/www.leonleds.com\/blog\/wp-content\/uploads\/2023\/05\/Tamano-Ventiladores-768x768.png 768w\" sizes=\"(max-width: 1024px) 100vw, 1024px\" \/>\t\t\t\t\t\t\t\t\t\t\t\t\t\t\t<\/div>\n\t\t\t\t<\/div>\n\t\t\t\t\t<\/div>\n\t\t<\/div>\n\t\t\t\t\t<\/div>\n\t\t<\/section>\n\t\t\t\t<section class=\"elementor-section elementor-top-section elementor-element elementor-element-60878e57 elementor-section-boxed elementor-section-height-default elementor-section-height-default\" data-id=\"60878e57\" data-element_type=\"section\" data-e-type=\"section\">\n\t\t\t\t\t\t<div class=\"elementor-container elementor-column-gap-default\">\n\t\t\t\t\t<div class=\"elementor-column elementor-col-100 elementor-top-column elementor-element elementor-element-6b8bf022\" data-id=\"6b8bf022\" data-element_type=\"column\" data-e-type=\"column\">\n\t\t\t<div class=\"elementor-widget-wrap elementor-element-populated\">\n\t\t\t\t\t\t<div class=\"elementor-element elementor-element-e09ca3d elementor-widget elementor-widget-text-editor\" data-id=\"e09ca3d\" data-element_type=\"widget\" data-e-type=\"widget\" data-widget_type=\"text-editor.default\">\n\t\t\t\t<div class=\"elementor-widget-container\">\n\t\t\t\t\t\t\t\t\t<div><h2><strong>\u00bfQu\u00e9 es el \u00e1ngulo de apertura y por qu\u00e9 es importante en la iluminaci\u00f3n?<\/strong><\/h2><div><div><p>El \u00e1ngulo de apertura s<strong>e refiere a la extensi\u00f3n del haz de luz que se emite desde una fuente de luz, y se mide en grados.<\/strong> El \u00e1ngulo de apertura<strong> determina la distribuci\u00f3n y direcci\u00f3n de la luz<\/strong> que emite una fuente de luz.<\/p><\/div><div><p>Una fuente de luz con un <strong>\u00e1ngulo de apertura estrecho<\/strong> emite un haz de luz m\u00e1s concentrado y enfocado, lo que puede ser <strong>ideal para iluminar \u00e1reas espec\u00edficas o para crear efectos de acentuaci\u00f3n.<\/strong> Por otro lado, una fuente de luz con un <strong>\u00e1ngulo de apertura amplio<\/strong> emite un haz de luz m\u00e1s difuso y generalizado, lo que puede ser <strong>ideal para iluminar \u00e1reas m\u00e1s grandes o para crear un ambiente suave y agradable.<\/strong><\/p><\/div><div><p>El \u00e1ngulo de apertura tambi\u00e9n es importante para determinar la cantidad de l\u00famenes necesarios para iluminar un espacio.<\/p><\/div><div><p>Es un <strong>factor a considerar en la elecci\u00f3n de una fuente de luz<\/strong> y en el dise\u00f1o de iluminaci\u00f3n, ya que afecta a la distribuci\u00f3n, direcci\u00f3n y cantidad de luz emitida.<\/p><\/div><\/div><\/div>\t\t\t\t\t\t\t\t<\/div>\n\t\t\t\t<\/div>\n\t\t\t\t\t<\/div>\n\t\t<\/div>\n\t\t\t\t\t<\/div>\n\t\t<\/section>\n\t\t\t\t<section class=\"elementor-section elementor-top-section elementor-element elementor-element-1a46e0f7 elementor-section-boxed elementor-section-height-default elementor-section-height-default\" data-id=\"1a46e0f7\" data-element_type=\"section\" data-e-type=\"section\">\n\t\t\t\t\t\t<div class=\"elementor-container elementor-column-gap-default\">\n\t\t\t\t\t<div class=\"elementor-column elementor-col-100 elementor-top-column elementor-element elementor-element-bd724fe\" data-id=\"bd724fe\" data-element_type=\"column\" data-e-type=\"column\">\n\t\t\t<div class=\"elementor-widget-wrap elementor-element-populated\">\n\t\t\t\t\t\t<div class=\"elementor-element elementor-element-61174fc3 elementor-widget elementor-widget-image\" data-id=\"61174fc3\" data-element_type=\"widget\" data-e-type=\"widget\" data-widget_type=\"image.default\">\n\t\t\t\t<div class=\"elementor-widget-container\">\n\t\t\t\t\t\t\t\t\t\t\t\t\t\t\t\t<a href=\"https:\/\/www.leonleds.com\/es\/foco-empotrable-redondo-gap.html#\/54-color-blanco\/367-casquillo_incluido-gz10_gu10\">\n\t\t\t\t\t\t\t<img loading=\"lazy\" decoding=\"async\" width=\"1024\" height=\"1024\" src=\"https:\/\/www.leonleds.com\/blog\/wp-content\/uploads\/2023\/05\/arkoslight-gap-002.png\" class=\"attachment-large size-large wp-image-1850\" alt=\"\" srcset=\"https:\/\/www.leonleds.com\/blog\/wp-content\/uploads\/2023\/05\/arkoslight-gap-002.png 1024w, https:\/\/www.leonleds.com\/blog\/wp-content\/uploads\/2023\/05\/arkoslight-gap-002-300x300.png 300w, https:\/\/www.leonleds.com\/blog\/wp-content\/uploads\/2023\/05\/arkoslight-gap-002-150x150.png 150w, https:\/\/www.leonleds.com\/blog\/wp-content\/uploads\/2023\/05\/arkoslight-gap-002-768x768.png 768w\" sizes=\"(max-width: 1024px) 100vw, 1024px\" \/>\t\t\t\t\t\t\t\t<\/a>\n\t\t\t\t\t\t\t\t\t\t\t\t\t\t\t<\/div>\n\t\t\t\t<\/div>\n\t\t\t\t\t<\/div>\n\t\t<\/div>\n\t\t\t\t\t<\/div>\n\t\t<\/section>\n\t\t\t\t<section class=\"elementor-section elementor-top-section elementor-element elementor-element-145bf4b2 elementor-section-boxed elementor-section-height-default elementor-section-height-default\" data-id=\"145bf4b2\" data-element_type=\"section\" data-e-type=\"section\">\n\t\t\t\t\t\t<div class=\"elementor-container elementor-column-gap-default\">\n\t\t\t\t\t<div class=\"elementor-column elementor-col-100 elementor-top-column elementor-element elementor-element-72683a22\" data-id=\"72683a22\" data-element_type=\"column\" data-e-type=\"column\">\n\t\t\t<div class=\"elementor-widget-wrap elementor-element-populated\">\n\t\t\t\t\t\t<div class=\"elementor-element elementor-element-29c6b36 elementor-widget elementor-widget-text-editor\" data-id=\"29c6b36\" data-element_type=\"widget\" data-e-type=\"widget\" data-widget_type=\"text-editor.default\">\n\t\t\t\t<div class=\"elementor-widget-container\">\n\t\t\t\t\t\t\t\t\t<div><h2><strong>\u00bfQu\u00e9 es el factor de potencia y por qu\u00e9 es importante en la iluminaci\u00f3n?<\/strong><\/h2><div><div><p>En la iluminaci\u00f3n, el factor de potencia s<strong>e refiere a la eficiencia con la que una fuente de luz utiliza la energ\u00eda el\u00e9ctrica suministrada<\/strong> para producir la cantidad de luz necesaria.<\/p><\/div><div><p>Un factor de potencia alto puede reducir el consumo de energ\u00eda y los costos de electricidad, mejorar la vida \u00fatil de la fuente de luz y reducir las emisiones de CO2. Por lo tanto, <strong>es importante considerar el factor de potencia al seleccionar fuentes de luz para lograr una iluminaci\u00f3n m\u00e1s eficiente y sostenible.<\/strong><\/p><\/div><\/div><\/div>\t\t\t\t\t\t\t\t<\/div>\n\t\t\t\t<\/div>\n\t\t\t\t\t<\/div>\n\t\t<\/div>\n\t\t\t\t\t<\/div>\n\t\t<\/section>\n\t\t\t\t<section class=\"elementor-section elementor-top-section elementor-element elementor-element-8a147b7 elementor-section-boxed elementor-section-height-default elementor-section-height-default\" data-id=\"8a147b7\" data-element_type=\"section\" data-e-type=\"section\">\n\t\t\t\t\t\t<div class=\"elementor-container elementor-column-gap-default\">\n\t\t\t\t\t<div class=\"elementor-column elementor-col-100 elementor-top-column elementor-element elementor-element-7152613\" data-id=\"7152613\" data-element_type=\"column\" data-e-type=\"column\">\n\t\t\t<div class=\"elementor-widget-wrap elementor-element-populated\">\n\t\t\t\t\t\t<div class=\"elementor-element elementor-element-293b649 elementor-widget elementor-widget-text-editor\" data-id=\"293b649\" data-element_type=\"widget\" data-e-type=\"widget\" data-widget_type=\"text-editor.default\">\n\t\t\t\t<div class=\"elementor-widget-container\">\n\t\t\t\t\t\t\t\t\t<div><h2><strong>\u00bfCu\u00e1l es la diferencia entre una bombilla incandescente y una LED?<\/strong><\/h2><div><p>Una <strong>bombilla incandescente es una fuente de luz tradicional<\/strong> que funciona mediante el calentamiento de un filamento de tungsteno dentro de un bulbo de vidrio lleno de gas inerte. El filamento se calienta por la corriente el\u00e9ctrica que lo atraviesa, lo que hace que emita luz visible.<\/p><\/div><div><p>Sin embargo, este proceso tambi\u00e9n genera una gran cantidad de calor, lo que significa que las bombillas incandescentes <strong>son ineficientes en t\u00e9rminos de consumo de energ\u00eda.<\/strong> Adem\u00e1s, <strong>tienen una vida \u00fatil limitada<\/strong> y pueden ser peligrosas si se rompen debido al vidrio y al mercurio que contienen.<\/p><\/div><div><p>Las <strong>luces LED<\/strong> funcionan mediante la transmisi\u00f3n de energ\u00eda el\u00e9ctrica a trav\u00e9s de un material semiconductor que emite luz visible. Este proceso <strong>es mucho m\u00e1s eficiente en t\u00e9rminos de consumo de energ\u00eda<\/strong> que las bombillas incandescentes, lo que significa que las luces LED <strong>tienen una vida \u00fatil m\u00e1s larga y un menor costo de operaci\u00f3n.<\/strong> Adem\u00e1s, las luces LED no contienen materiales peligrosos y son m\u00e1s resistentes a las vibraciones y al calor.<\/p><\/div><\/div>\t\t\t\t\t\t\t\t<\/div>\n\t\t\t\t<\/div>\n\t\t\t\t\t<\/div>\n\t\t<\/div>\n\t\t\t\t\t<\/div>\n\t\t<\/section>\n\t\t\t\t<section class=\"elementor-section elementor-top-section elementor-element elementor-element-6025272f elementor-section-boxed elementor-section-height-default elementor-section-height-default\" data-id=\"6025272f\" data-element_type=\"section\" data-e-type=\"section\">\n\t\t\t\t\t\t<div class=\"elementor-container elementor-column-gap-default\">\n\t\t\t\t\t<div class=\"elementor-column elementor-col-100 elementor-top-column elementor-element elementor-element-7f0a5421\" data-id=\"7f0a5421\" data-element_type=\"column\" data-e-type=\"column\">\n\t\t\t<div class=\"elementor-widget-wrap elementor-element-populated\">\n\t\t\t\t\t\t<div class=\"elementor-element elementor-element-3a971e16 elementor-widget elementor-widget-image\" data-id=\"3a971e16\" data-element_type=\"widget\" data-e-type=\"widget\" data-widget_type=\"image.default\">\n\t\t\t\t<div class=\"elementor-widget-container\">\n\t\t\t\t\t\t\t\t\t\t\t\t\t\t\t\t<a href=\"https:\/\/www.leonleds.com\/es\/bombilla-led-globo-g93-edison-550lm-7w-2100k-philips-hue-compatible-con-alexa-google-home.html\">\n\t\t\t\t\t\t\t<img loading=\"lazy\" decoding=\"async\" width=\"1024\" height=\"1024\" src=\"https:\/\/www.leonleds.com\/blog\/wp-content\/uploads\/2023\/05\/philips-hue-white-7w-e27-bombilla-de-filamento-g95.png\" class=\"attachment-large size-large wp-image-1849\" alt=\"Bombilla LED\" srcset=\"https:\/\/www.leonleds.com\/blog\/wp-content\/uploads\/2023\/05\/philips-hue-white-7w-e27-bombilla-de-filamento-g95.png 1024w, https:\/\/www.leonleds.com\/blog\/wp-content\/uploads\/2023\/05\/philips-hue-white-7w-e27-bombilla-de-filamento-g95-300x300.png 300w, https:\/\/www.leonleds.com\/blog\/wp-content\/uploads\/2023\/05\/philips-hue-white-7w-e27-bombilla-de-filamento-g95-150x150.png 150w, https:\/\/www.leonleds.com\/blog\/wp-content\/uploads\/2023\/05\/philips-hue-white-7w-e27-bombilla-de-filamento-g95-768x768.png 768w\" sizes=\"(max-width: 1024px) 100vw, 1024px\" \/>\t\t\t\t\t\t\t\t<\/a>\n\t\t\t\t\t\t\t\t\t\t\t\t\t\t\t<\/div>\n\t\t\t\t<\/div>\n\t\t\t\t\t<\/div>\n\t\t<\/div>\n\t\t\t\t\t<\/div>\n\t\t<\/section>\n\t\t\t\t<section class=\"elementor-section elementor-top-section elementor-element elementor-element-5156fe1 elementor-section-boxed elementor-section-height-default elementor-section-height-default\" data-id=\"5156fe1\" data-element_type=\"section\" data-e-type=\"section\">\n\t\t\t\t\t\t<div class=\"elementor-container elementor-column-gap-default\">\n\t\t\t\t\t<div class=\"elementor-column elementor-col-100 elementor-top-column elementor-element elementor-element-3e656bf\" data-id=\"3e656bf\" data-element_type=\"column\" data-e-type=\"column\">\n\t\t\t<div class=\"elementor-widget-wrap elementor-element-populated\">\n\t\t\t\t\t\t<div class=\"elementor-element elementor-element-fc454db elementor-widget elementor-widget-text-editor\" data-id=\"fc454db\" data-element_type=\"widget\" data-e-type=\"widget\" data-widget_type=\"text-editor.default\">\n\t\t\t\t<div class=\"elementor-widget-container\">\n\t\t\t\t\t\t\t\t\t<div><h2><strong>\u00bfCu\u00e1l es la vida \u00fatil media de una bombilla LED y c\u00f3mo se compara con otras tecnolog\u00edas de iluminaci\u00f3n?<\/strong><\/h2><div><p>La <strong>vida \u00fatil<\/strong> de una bombilla LED es significativamente <strong>m\u00e1s larga<\/strong> que la de otras tecnolog\u00edas de iluminaci\u00f3n, una bombilla LED puede durar de <strong>hasta 25,000 a 50,000 horas o m\u00e1s.<\/strong><\/p><\/div><div><p>Junto con su eficiencia energ\u00e9tica, las convierte en una <strong>opci\u00f3n popular para la iluminaci\u00f3n tanto en hogares como en entornos comerciales.<\/strong> Aunque las bombillas LED pueden tener un coste inicial m\u00e1s alto que las bombillas incandescentes, su vida \u00fatil m\u00e1s larga y menor costo de operaci\u00f3n pueden hacer que sean<strong> m\u00e1s econ\u00f3micas a largo plazo.<\/strong><\/p><\/div><\/div>\t\t\t\t\t\t\t\t<\/div>\n\t\t\t\t<\/div>\n\t\t\t\t\t<\/div>\n\t\t<\/div>\n\t\t\t\t\t<\/div>\n\t\t<\/section>\n\t\t\t\t<\/div>\n\t\t","protected":false},"excerpt":{"rendered":"<p>\u00bfQu\u00e9 es la temperatura de color y c\u00f3mo afecta a la iluminaci\u00f3n? La temperatura de color es una medida de la apariencia del color de la luz emitida por una fuente de luz, que se expresa en grados Kelvin (K). Se refiere a c\u00f3mo percibimos el color de la luz que emite una fuente de &#8230; <a title=\"FAQ preguntas t\u00e9cnicas de iluminaci\u00f3n\" class=\"read-more\" href=\"https:\/\/www.leonleds.com\/blog\/faq-preguntas-tecnicas-de-iluminacion\/\" aria-label=\"Leer m\u00e1s sobre FAQ preguntas t\u00e9cnicas de iluminaci\u00f3n\">Leer m\u00e1s<\/a><\/p>\n","protected":false},"author":1,"featured_media":1862,"comment_status":"open","ping_status":"open","sticky":false,"template":"","format":"standard","meta":{"footnotes":""},"categories":[7,9],"tags":[16,25,28,31,32,34,261],"class_list":["post-1844","post","type-post","status-publish","format-standard","has-post-thumbnail","hentry","category-iluminacion-interior","category-preguntas-frecuentes","tag-bombillas","tag-iluminacion","tag-iluminacionled","tag-led-2","tag-preguntas-tecnicas","tag-tecnico","tag-preguntas"],"_links":{"self":[{"href":"https:\/\/www.leonleds.com\/blog\/wp-json\/wp\/v2\/posts\/1844","targetHints":{"allow":["GET"]}}],"collection":[{"href":"https:\/\/www.leonleds.com\/blog\/wp-json\/wp\/v2\/posts"}],"about":[{"href":"https:\/\/www.leonleds.com\/blog\/wp-json\/wp\/v2\/types\/post"}],"author":[{"embeddable":true,"href":"https:\/\/www.leonleds.com\/blog\/wp-json\/wp\/v2\/users\/1"}],"replies":[{"embeddable":true,"href":"https:\/\/www.leonleds.com\/blog\/wp-json\/wp\/v2\/comments?post=1844"}],"version-history":[{"count":0,"href":"https:\/\/www.leonleds.com\/blog\/wp-json\/wp\/v2\/posts\/1844\/revisions"}],"wp:featuredmedia":[{"embeddable":true,"href":"https:\/\/www.leonleds.com\/blog\/wp-json\/wp\/v2\/media\/1862"}],"wp:attachment":[{"href":"https:\/\/www.leonleds.com\/blog\/wp-json\/wp\/v2\/media?parent=1844"}],"wp:term":[{"taxonomy":"category","embeddable":true,"href":"https:\/\/www.leonleds.com\/blog\/wp-json\/wp\/v2\/categories?post=1844"},{"taxonomy":"post_tag","embeddable":true,"href":"https:\/\/www.leonleds.com\/blog\/wp-json\/wp\/v2\/tags?post=1844"}],"curies":[{"name":"wp","href":"https:\/\/api.w.org\/{rel}","templated":true}]}}