{"id":2163,"date":"2023-08-10T11:07:36","date_gmt":"2023-08-10T11:07:36","guid":{"rendered":"https:\/\/www.leonleds.com\/blog\/?p=2163"},"modified":"2023-08-10T11:07:36","modified_gmt":"2023-08-10T11:07:36","slug":"aprende-a-iluminar-la-terraza-con-apliques-como-un-profesional","status":"publish","type":"post","link":"https:\/\/www.leonleds.com\/blog\/aprende-a-iluminar-la-terraza-con-apliques-como-un-profesional\/","title":{"rendered":"Aprende a iluminar la terraza con apliques como un profesional"},"content":{"rendered":"\t\t<div data-elementor-type=\"wp-post\" data-elementor-id=\"2163\" class=\"elementor elementor-2163\">\n\t\t\t\t\t\t<section class=\"elementor-section elementor-top-section elementor-element elementor-element-40893a0b elementor-section-boxed elementor-section-height-default elementor-section-height-default\" data-id=\"40893a0b\" data-element_type=\"section\" data-e-type=\"section\">\n\t\t\t\t\t\t<div class=\"elementor-container elementor-column-gap-default\">\n\t\t\t\t\t\t<\/div>\n\t\t<\/section>\n\t\t\t\t<section class=\"elementor-section elementor-top-section elementor-element elementor-element-35a4cec3 elementor-section-boxed elementor-section-height-default elementor-section-height-default\" data-id=\"35a4cec3\" data-element_type=\"section\" data-e-type=\"section\">\n\t\t\t\t\t\t<div class=\"elementor-container elementor-column-gap-default\">\n\t\t\t\t\t<div class=\"elementor-column elementor-col-100 elementor-top-column elementor-element elementor-element-5d07fdb1\" data-id=\"5d07fdb1\" data-element_type=\"column\" data-e-type=\"column\">\n\t\t\t<div class=\"elementor-widget-wrap elementor-element-populated\">\n\t\t\t\t\t\t<div class=\"elementor-element elementor-element-21f4427f elementor-widget elementor-widget-text-editor\" data-id=\"21f4427f\" data-element_type=\"widget\" data-e-type=\"widget\" data-widget_type=\"text-editor.default\">\n\t\t\t\t<div class=\"elementor-widget-container\">\n\t\t\t\t\t\t\t\t\t<div><div><p>La <strong>iluminaci\u00f3n exterior<\/strong> juega un <strong>papel importante<\/strong> en la creaci\u00f3n de un <strong>ambiente acogedor y seguro<\/strong> en nuestros hogares. Los apliques de pared son una <strong>opci\u00f3n popular<\/strong> para la iluminaci\u00f3n exterior debido a su <strong>versatilidad, variedad de dise\u00f1os y a la capacidad de proporcionar una iluminaci\u00f3n efectiva<\/strong> as\u00ed como decorativa. Sin embargo, elegir los apliques de exterior adecuados puede ser un desaf\u00edo si no sabemos por d\u00f3nde empezar.<\/p><p>En este blog, exploraremos <strong>c\u00f3mo puedes elegir apliques para el exterior de tu hogar<\/strong> como un profesional.<\/p><\/div><\/div>\t\t\t\t\t\t\t\t<\/div>\n\t\t\t\t<\/div>\n\t\t\t\t\t<\/div>\n\t\t<\/div>\n\t\t\t\t\t<\/div>\n\t\t<\/section>\n\t\t\t\t<section class=\"elementor-section elementor-top-section elementor-element elementor-element-4f92ddc8 elementor-section-boxed elementor-section-height-default elementor-section-height-default\" data-id=\"4f92ddc8\" data-element_type=\"section\" data-e-type=\"section\">\n\t\t\t\t\t\t<div class=\"elementor-container elementor-column-gap-default\">\n\t\t\t\t\t<div class=\"elementor-column elementor-col-100 elementor-top-column elementor-element elementor-element-7577cea6\" data-id=\"7577cea6\" data-element_type=\"column\" data-e-type=\"column\">\n\t\t\t<div class=\"elementor-widget-wrap elementor-element-populated\">\n\t\t\t\t\t\t<div class=\"elementor-element elementor-element-3b34db0f elementor-widget elementor-widget-text-editor\" data-id=\"3b34db0f\" data-element_type=\"widget\" data-e-type=\"widget\" data-widget_type=\"text-editor.default\">\n\t\t\t\t<div class=\"elementor-widget-container\">\n\t\t\t\t\t\t\t\t\t<div><div><h2><strong>Determina tus necesidades<\/strong><\/h2><\/div><div><p>Lo primero que debes hacer antes de seleccionar apliques de exterior es <strong>identificar tus necesidades de iluminaci\u00f3n.<\/strong> \u00bfNecesitas luz para darle protagonismo a tu jard\u00edn? \u00bfPara una zona de paso? \u00bfO tan s\u00f3lo necesitas luz para una zona espec\u00edfica de tu jard\u00edn como la puerta de entrada o la terraza? Comprender tus necesidades de iluminaci\u00f3n te ayudar\u00e1 a <strong>determinar el tipo, el tama\u00f1o y la cantidad de apliques que necesitar\u00e1s.<\/strong><\/p><\/div><\/div>\t\t\t\t\t\t\t\t<\/div>\n\t\t\t\t<\/div>\n\t\t\t\t\t<\/div>\n\t\t<\/div>\n\t\t\t\t\t<\/div>\n\t\t<\/section>\n\t\t\t\t<section class=\"elementor-section elementor-top-section elementor-element elementor-element-356c1c7 elementor-section-boxed elementor-section-height-default elementor-section-height-default\" data-id=\"356c1c7\" data-element_type=\"section\" data-e-type=\"section\">\n\t\t\t\t\t\t<div class=\"elementor-container elementor-column-gap-default\">\n\t\t\t\t\t<div class=\"elementor-column elementor-col-100 elementor-top-column elementor-element elementor-element-242262d2\" data-id=\"242262d2\" data-element_type=\"column\" data-e-type=\"column\">\n\t\t\t<div class=\"elementor-widget-wrap elementor-element-populated\">\n\t\t\t\t\t\t<div class=\"elementor-element elementor-element-1e3be65 elementor-widget elementor-widget-image\" data-id=\"1e3be65\" data-element_type=\"widget\" data-e-type=\"widget\" data-widget_type=\"image.default\">\n\t\t\t\t<div class=\"elementor-widget-container\">\n\t\t\t\t\t\t\t\t\t\t\t\t\t\t\t\t<a href=\"https:\/\/www.leonleds.com\/es\/aplique-led-bucket-wall-de-pared-exterior.html\">\n\t\t\t\t\t\t\t<img fetchpriority=\"high\" decoding=\"async\" width=\"1024\" height=\"1024\" src=\"https:\/\/www.leonleds.com\/blog\/wp-content\/uploads\/2023\/03\/FA_Bucket_976A-L3110B-04.png\" class=\"attachment-large size-large wp-image-1756\" alt=\"Aplique LED exterior Bucket\" srcset=\"https:\/\/www.leonleds.com\/blog\/wp-content\/uploads\/2023\/03\/FA_Bucket_976A-L3110B-04.png 1024w, https:\/\/www.leonleds.com\/blog\/wp-content\/uploads\/2023\/03\/FA_Bucket_976A-L3110B-04-300x300.png 300w, https:\/\/www.leonleds.com\/blog\/wp-content\/uploads\/2023\/03\/FA_Bucket_976A-L3110B-04-150x150.png 150w, https:\/\/www.leonleds.com\/blog\/wp-content\/uploads\/2023\/03\/FA_Bucket_976A-L3110B-04-768x768.png 768w\" sizes=\"(max-width: 1024px) 100vw, 1024px\" \/>\t\t\t\t\t\t\t\t<\/a>\n\t\t\t\t\t\t\t\t\t\t\t\t\t\t\t<\/div>\n\t\t\t\t<\/div>\n\t\t\t\t\t<\/div>\n\t\t<\/div>\n\t\t\t\t\t<\/div>\n\t\t<\/section>\n\t\t\t\t<section class=\"elementor-section elementor-top-section elementor-element elementor-element-572f8fbf elementor-section-boxed elementor-section-height-default elementor-section-height-default\" data-id=\"572f8fbf\" data-element_type=\"section\" data-e-type=\"section\">\n\t\t\t\t\t\t<div class=\"elementor-container elementor-column-gap-default\">\n\t\t\t\t\t<div class=\"elementor-column elementor-col-100 elementor-top-column elementor-element elementor-element-5a80881\" data-id=\"5a80881\" data-element_type=\"column\" data-e-type=\"column\">\n\t\t\t<div class=\"elementor-widget-wrap elementor-element-populated\">\n\t\t\t\t\t\t<div class=\"elementor-element elementor-element-c50979b elementor-widget elementor-widget-text-editor\" data-id=\"c50979b\" data-element_type=\"widget\" data-e-type=\"widget\" data-widget_type=\"text-editor.default\">\n\t\t\t\t<div class=\"elementor-widget-container\">\n\t\t\t\t\t\t\t\t\t<div><div><h2><strong>Resistencia y durabilidad<\/strong><\/h2><p>Recuerda que los apliques de exterior d<strong>eben resistir condiciones clim\u00e1ticas adversas<\/strong>, desde la humedad hasta los rayos del sol intenso. Aseg\u00farate de que los <strong>materiales sean robustos<\/strong> y que cuenten con la protecci\u00f3n adecuada contra la intemperie.<\/p><\/div><div><h2><strong>Elige el tama\u00f1o adecuado<\/strong><\/h2><\/div><div><p>El tama\u00f1o de los apliques de exterior debe estar <strong>en proporci\u00f3n con el espacio<\/strong> en el que se van a instalar. Un aplique demasiado grande puede abrumar el espacio, mientras que uno demasiado peque\u00f1o puede parecer insignificante. Como regla general, los apliques de exterior deben <strong>medir aproximadamente un cuarto del tama\u00f1o de la puerta<\/strong> si se instalan a los lados de la misma.<\/p><\/div><\/div>\t\t\t\t\t\t\t\t<\/div>\n\t\t\t\t<\/div>\n\t\t\t\t\t<\/div>\n\t\t<\/div>\n\t\t\t\t\t<\/div>\n\t\t<\/section>\n\t\t\t\t<section class=\"elementor-section elementor-top-section elementor-element elementor-element-13b1335a elementor-section-boxed elementor-section-height-default elementor-section-height-default\" data-id=\"13b1335a\" data-element_type=\"section\" data-e-type=\"section\">\n\t\t\t\t\t\t<div class=\"elementor-container elementor-column-gap-default\">\n\t\t\t\t\t<div class=\"elementor-column elementor-col-100 elementor-top-column elementor-element elementor-element-782d914a\" data-id=\"782d914a\" data-element_type=\"column\" data-e-type=\"column\">\n\t\t\t<div class=\"elementor-widget-wrap elementor-element-populated\">\n\t\t\t\t\t\t<div class=\"elementor-element elementor-element-721b7abe elementor-widget elementor-widget-image\" data-id=\"721b7abe\" data-element_type=\"widget\" data-e-type=\"widget\" data-widget_type=\"image.default\">\n\t\t\t\t<div class=\"elementor-widget-container\">\n\t\t\t\t\t\t\t\t\t\t\t\t\t\t\t\t<a href=\"https:\/\/www.leonleds.com\/es\/aplique-de-pared-led-exterior-inteligente-appear-aluminio-8w-ip44-2000-6500-hue-white-color-ambiance.html\">\n\t\t\t\t\t\t\t<img decoding=\"async\" width=\"1024\" height=\"1024\" src=\"https:\/\/www.leonleds.com\/blog\/wp-content\/uploads\/2023\/06\/Philips-Hue-Appear-Edelstahl.png\" class=\"attachment-large size-large wp-image-1985\" alt=\"Aplique Appear\" srcset=\"https:\/\/www.leonleds.com\/blog\/wp-content\/uploads\/2023\/06\/Philips-Hue-Appear-Edelstahl.png 1024w, https:\/\/www.leonleds.com\/blog\/wp-content\/uploads\/2023\/06\/Philips-Hue-Appear-Edelstahl-300x300.png 300w, https:\/\/www.leonleds.com\/blog\/wp-content\/uploads\/2023\/06\/Philips-Hue-Appear-Edelstahl-150x150.png 150w, https:\/\/www.leonleds.com\/blog\/wp-content\/uploads\/2023\/06\/Philips-Hue-Appear-Edelstahl-768x768.png 768w\" sizes=\"(max-width: 1024px) 100vw, 1024px\" \/>\t\t\t\t\t\t\t\t<\/a>\n\t\t\t\t\t\t\t\t\t\t\t\t\t\t\t<\/div>\n\t\t\t\t<\/div>\n\t\t\t\t\t<\/div>\n\t\t<\/div>\n\t\t\t\t\t<\/div>\n\t\t<\/section>\n\t\t\t\t<section class=\"elementor-section elementor-top-section elementor-element elementor-element-47c5dcf2 elementor-section-boxed elementor-section-height-default elementor-section-height-default\" data-id=\"47c5dcf2\" data-element_type=\"section\" data-e-type=\"section\">\n\t\t\t\t\t\t<div class=\"elementor-container elementor-column-gap-default\">\n\t\t\t\t\t<div class=\"elementor-column elementor-col-100 elementor-top-column elementor-element elementor-element-186b91eb\" data-id=\"186b91eb\" data-element_type=\"column\" data-e-type=\"column\">\n\t\t\t<div class=\"elementor-widget-wrap elementor-element-populated\">\n\t\t\t\t\t\t<div class=\"elementor-element elementor-element-53cc46cc elementor-widget elementor-widget-text-editor\" data-id=\"53cc46cc\" data-element_type=\"widget\" data-e-type=\"widget\" data-widget_type=\"text-editor.default\">\n\t\t\t\t<div class=\"elementor-widget-container\">\n\t\t\t\t\t\t\t\t\t<div><div><h2><strong>Tipo de iluminaci\u00f3n<\/strong><\/h2><\/div><div><p>Los LED son una excelente <strong>opci\u00f3n por su eficiencia y durabilidad.<\/strong> Adem\u00e1s, permiten una <strong>variedad de temperaturas de luz<\/strong>, desde c\u00e1lidas hasta fr\u00edas, para adaptarse al ambiente que quieras crear.<\/p><div><p>La iluminaci\u00f3n exterior <strong>no solo tiene un prop\u00f3sito funcional, sino<\/strong> que <strong>tambi\u00e9n<\/strong> juega un papel esencial <strong>en el dise\u00f1o y el ambiente<\/strong> de nuestro espacio exterior. Los apliques de exterior son <strong>herramientas vers\u00e1tiles<\/strong> en este sentido. Entre los distintos <strong>tipos de iluminaci\u00f3n<\/strong> que puedes considerar al elegir apliques para tu hogar, encontramos: la <strong>iluminaci\u00f3n directa, difusa, de acento, ambiental o con sensor.<\/strong><\/p><\/div><\/div><\/div>\t\t\t\t\t\t\t\t<\/div>\n\t\t\t\t<\/div>\n\t\t\t\t\t<\/div>\n\t\t<\/div>\n\t\t\t\t\t<\/div>\n\t\t<\/section>\n\t\t\t\t<section class=\"elementor-section elementor-top-section elementor-element elementor-element-bebf4df elementor-section-boxed elementor-section-height-default elementor-section-height-default\" data-id=\"bebf4df\" data-element_type=\"section\" data-e-type=\"section\">\n\t\t\t\t\t\t<div class=\"elementor-container elementor-column-gap-default\">\n\t\t\t\t\t<div class=\"elementor-column elementor-col-100 elementor-top-column elementor-element elementor-element-67bcc7b9\" data-id=\"67bcc7b9\" data-element_type=\"column\" data-e-type=\"column\">\n\t\t\t<div class=\"elementor-widget-wrap elementor-element-populated\">\n\t\t\t\t\t\t<div class=\"elementor-element elementor-element-55e7fedc elementor-widget elementor-widget-image\" data-id=\"55e7fedc\" data-element_type=\"widget\" data-e-type=\"widget\" data-widget_type=\"image.default\">\n\t\t\t\t<div class=\"elementor-widget-container\">\n\t\t\t\t\t\t\t\t\t\t\t\t\t\t\t\t<a href=\"https:\/\/www.leonleds.com\/es\/aplique-solar-exterior-paquita-con-control-remoto.html\">\n\t\t\t\t\t\t\t<img decoding=\"async\" width=\"1024\" height=\"1024\" src=\"https:\/\/www.leonleds.com\/blog\/wp-content\/uploads\/2023\/08\/paquita-wall-2-copia.jpg\" class=\"attachment-large size-large wp-image-2165\" alt=\"Aplique de pared\" srcset=\"https:\/\/www.leonleds.com\/blog\/wp-content\/uploads\/2023\/08\/paquita-wall-2-copia.jpg 1024w, https:\/\/www.leonleds.com\/blog\/wp-content\/uploads\/2023\/08\/paquita-wall-2-copia-300x300.jpg 300w, https:\/\/www.leonleds.com\/blog\/wp-content\/uploads\/2023\/08\/paquita-wall-2-copia-150x150.jpg 150w, https:\/\/www.leonleds.com\/blog\/wp-content\/uploads\/2023\/08\/paquita-wall-2-copia-768x768.jpg 768w\" sizes=\"(max-width: 1024px) 100vw, 1024px\" \/>\t\t\t\t\t\t\t\t<\/a>\n\t\t\t\t\t\t\t\t\t\t\t\t\t\t\t<\/div>\n\t\t\t\t<\/div>\n\t\t\t\t\t<\/div>\n\t\t<\/div>\n\t\t\t\t\t<\/div>\n\t\t<\/section>\n\t\t\t\t<section class=\"elementor-section elementor-top-section elementor-element elementor-element-53ded7e3 elementor-section-boxed elementor-section-height-default elementor-section-height-default\" data-id=\"53ded7e3\" data-element_type=\"section\" data-e-type=\"section\">\n\t\t\t\t\t\t<div class=\"elementor-container elementor-column-gap-default\">\n\t\t\t\t\t<div class=\"elementor-column elementor-col-100 elementor-top-column elementor-element elementor-element-77e1529b\" data-id=\"77e1529b\" data-element_type=\"column\" data-e-type=\"column\">\n\t\t\t<div class=\"elementor-widget-wrap elementor-element-populated\">\n\t\t\t\t\t\t<div class=\"elementor-element elementor-element-223f378a elementor-widget elementor-widget-text-editor\" data-id=\"223f378a\" data-element_type=\"widget\" data-e-type=\"widget\" data-widget_type=\"text-editor.default\">\n\t\t\t\t<div class=\"elementor-widget-container\">\n\t\t\t\t\t\t\t\t\t<div><div><h2><strong>Opta por la eficiencia energ\u00e9tica<\/strong><\/h2><\/div><div><p>Los apliques de exterior con LED son una <strong>excelente opci\u00f3n para ahorrar energ\u00eda.<\/strong> Los LED son mucho <strong>m\u00e1s eficientes<\/strong> que las bombillas incandescentes tradicionales y duran mucho m\u00e1s, lo que te <strong>ahorra tiempo y dinero<\/strong> en el reemplazo de las bombillas. Adem\u00e1s, los LED est\u00e1n disponibles en una <strong>variedad de temperaturas de color<\/strong>, desde la luz blanca c\u00e1lida hasta la luz blanca fr\u00eda, lo que te permite crear el ambiente deseado.<\/p><\/div><\/div>\t\t\t\t\t\t\t\t<\/div>\n\t\t\t\t<\/div>\n\t\t\t\t\t<\/div>\n\t\t<\/div>\n\t\t\t\t\t<\/div>\n\t\t<\/section>\n\t\t\t\t<section class=\"elementor-section elementor-top-section elementor-element elementor-element-1cac3589 elementor-section-boxed elementor-section-height-default elementor-section-height-default\" data-id=\"1cac3589\" data-element_type=\"section\" data-e-type=\"section\">\n\t\t\t\t\t\t<div class=\"elementor-container elementor-column-gap-default\">\n\t\t\t\t\t<div class=\"elementor-column elementor-col-100 elementor-top-column elementor-element elementor-element-3f2ef0d5\" data-id=\"3f2ef0d5\" data-element_type=\"column\" data-e-type=\"column\">\n\t\t\t<div class=\"elementor-widget-wrap elementor-element-populated\">\n\t\t\t\t\t\t<div class=\"elementor-element elementor-element-11eb8fff elementor-widget elementor-widget-image\" data-id=\"11eb8fff\" data-element_type=\"widget\" data-e-type=\"widget\" data-widget_type=\"image.default\">\n\t\t\t\t<div class=\"elementor-widget-container\">\n\t\t\t\t\t\t\t\t\t\t\t\t\t\t\t\t<a href=\"https:\/\/www.leonleds.com\/es\/aplique-de-pared-led-exterior-inteligente-cristal-attract-negro-8w-ip44-2000-6500-hue-white-color-ambiance.html\">\n\t\t\t\t\t\t\t<img loading=\"lazy\" decoding=\"async\" width=\"1024\" height=\"1024\" src=\"https:\/\/www.leonleds.com\/blog\/wp-content\/uploads\/2023\/08\/Captura-de-pantalla-2023-08-09-a-las-23.23-copia.jpg\" class=\"attachment-large size-large wp-image-2166\" alt=\"Aplique attract de exterior\" srcset=\"https:\/\/www.leonleds.com\/blog\/wp-content\/uploads\/2023\/08\/Captura-de-pantalla-2023-08-09-a-las-23.23-copia.jpg 1024w, https:\/\/www.leonleds.com\/blog\/wp-content\/uploads\/2023\/08\/Captura-de-pantalla-2023-08-09-a-las-23.23-copia-300x300.jpg 300w, https:\/\/www.leonleds.com\/blog\/wp-content\/uploads\/2023\/08\/Captura-de-pantalla-2023-08-09-a-las-23.23-copia-150x150.jpg 150w, https:\/\/www.leonleds.com\/blog\/wp-content\/uploads\/2023\/08\/Captura-de-pantalla-2023-08-09-a-las-23.23-copia-768x768.jpg 768w\" sizes=\"(max-width: 1024px) 100vw, 1024px\" \/>\t\t\t\t\t\t\t\t<\/a>\n\t\t\t\t\t\t\t\t\t\t\t\t\t\t\t<\/div>\n\t\t\t\t<\/div>\n\t\t\t\t\t<\/div>\n\t\t<\/div>\n\t\t\t\t\t<\/div>\n\t\t<\/section>\n\t\t\t\t<section class=\"elementor-section elementor-top-section elementor-element elementor-element-23a3ead9 elementor-section-boxed elementor-section-height-default elementor-section-height-default\" data-id=\"23a3ead9\" data-element_type=\"section\" data-e-type=\"section\">\n\t\t\t\t\t\t<div class=\"elementor-container elementor-column-gap-default\">\n\t\t\t\t\t<div class=\"elementor-column elementor-col-100 elementor-top-column elementor-element elementor-element-2215f188\" data-id=\"2215f188\" data-element_type=\"column\" data-e-type=\"column\">\n\t\t\t<div class=\"elementor-widget-wrap elementor-element-populated\">\n\t\t\t\t\t\t<div class=\"elementor-element elementor-element-7f1e17f6 elementor-widget elementor-widget-text-editor\" data-id=\"7f1e17f6\" data-element_type=\"widget\" data-e-type=\"widget\" data-widget_type=\"text-editor.default\">\n\t\t\t\t<div class=\"elementor-widget-container\">\n\t\t\t\t\t\t\t\t\t<div><div><h2><strong>Considera las opciones de control de iluminaci\u00f3n<\/strong><\/h2><\/div><div><p>Las opciones de control de iluminaci\u00f3n, como los atenuadores, los temporizadores y los sensores de movimiento, pueden hacer que tus apliques de exterior <strong>sean a\u00fan m\u00e1s funcionales.<\/strong> Los <strong>atenuadores<\/strong> te <strong>permiten ajustar el nivel de luz<\/strong> para crear el ambiente deseado, los <strong>temporizadores<\/strong> <strong>pueden encender y apagar las luces<\/strong> a horas espec\u00edficas, y los <strong>sensores de movimiento<\/strong> pueden <strong>proporcionar luz cuando se detecta movimiento<\/strong>, lo que puede ser \u00fatil por razones de seguridad.<\/p><\/div><\/div>\t\t\t\t\t\t\t\t<\/div>\n\t\t\t\t<\/div>\n\t\t\t\t\t<\/div>\n\t\t<\/div>\n\t\t\t\t\t<\/div>\n\t\t<\/section>\n\t\t\t\t<section class=\"elementor-section elementor-top-section elementor-element elementor-element-1b0b8216 elementor-section-boxed elementor-section-height-default elementor-section-height-default\" data-id=\"1b0b8216\" data-element_type=\"section\" data-e-type=\"section\">\n\t\t\t\t\t\t<div class=\"elementor-container elementor-column-gap-default\">\n\t\t\t\t\t<div class=\"elementor-column elementor-col-100 elementor-top-column elementor-element elementor-element-57dcadab\" data-id=\"57dcadab\" data-element_type=\"column\" data-e-type=\"column\">\n\t\t\t<div class=\"elementor-widget-wrap elementor-element-populated\">\n\t\t\t\t\t\t<div class=\"elementor-element elementor-element-56d4f78d elementor-widget elementor-widget-image\" data-id=\"56d4f78d\" data-element_type=\"widget\" data-e-type=\"widget\" data-widget_type=\"image.default\">\n\t\t\t\t<div class=\"elementor-widget-container\">\n\t\t\t\t\t\t\t\t\t\t\t\t\t\t\t\t<a href=\"https:\/\/www.leonleds.com\/es\/aplique-vintage-exterior-negro-pasture.html\">\n\t\t\t\t\t\t\t<img loading=\"lazy\" decoding=\"async\" width=\"1024\" height=\"1024\" src=\"https:\/\/www.leonleds.com\/blog\/wp-content\/uploads\/2023\/08\/A171ucCG8gL._AC_UF10001000_QL80_-copia.jpg\" class=\"attachment-large size-large wp-image-2167\" alt=\"Aplique de pared decorativo\" srcset=\"https:\/\/www.leonleds.com\/blog\/wp-content\/uploads\/2023\/08\/A171ucCG8gL._AC_UF10001000_QL80_-copia.jpg 1024w, https:\/\/www.leonleds.com\/blog\/wp-content\/uploads\/2023\/08\/A171ucCG8gL._AC_UF10001000_QL80_-copia-300x300.jpg 300w, https:\/\/www.leonleds.com\/blog\/wp-content\/uploads\/2023\/08\/A171ucCG8gL._AC_UF10001000_QL80_-copia-150x150.jpg 150w, https:\/\/www.leonleds.com\/blog\/wp-content\/uploads\/2023\/08\/A171ucCG8gL._AC_UF10001000_QL80_-copia-768x768.jpg 768w\" sizes=\"(max-width: 1024px) 100vw, 1024px\" \/>\t\t\t\t\t\t\t\t<\/a>\n\t\t\t\t\t\t\t\t\t\t\t\t\t\t\t<\/div>\n\t\t\t\t<\/div>\n\t\t\t\t\t<\/div>\n\t\t<\/div>\n\t\t\t\t\t<\/div>\n\t\t<\/section>\n\t\t\t\t<section class=\"elementor-section elementor-top-section elementor-element elementor-element-e70e1cc elementor-section-boxed elementor-section-height-default elementor-section-height-default\" data-id=\"e70e1cc\" data-element_type=\"section\" data-e-type=\"section\">\n\t\t\t\t\t\t<div class=\"elementor-container elementor-column-gap-default\">\n\t\t\t\t\t<div class=\"elementor-column elementor-col-100 elementor-top-column elementor-element elementor-element-121e4e3\" data-id=\"121e4e3\" data-element_type=\"column\" data-e-type=\"column\">\n\t\t\t<div class=\"elementor-widget-wrap elementor-element-populated\">\n\t\t\t\t\t\t<div class=\"elementor-element elementor-element-27da178 elementor-widget elementor-widget-text-editor\" data-id=\"27da178\" data-element_type=\"widget\" data-e-type=\"widget\" data-widget_type=\"text-editor.default\">\n\t\t\t\t<div class=\"elementor-widget-container\">\n\t\t\t\t\t\t\t\t\t<div><div><p>Elegir apliques de exterior puede ser complicado, pero con planificaci\u00f3n y consideraci\u00f3n, puedes seleccionar los apliques de exterior que se adapten a tus necesidades, complementen el estilo de tu casa y proporcionen una iluminaci\u00f3n eficaz y atractiva. Si despu\u00e9s de leer este art\u00edculo todav\u00eda te surgen <strong>dudas<\/strong>, puedes <strong>consultar a nuestro equipo de profesionales.<\/strong><\/p><\/div><\/div>\t\t\t\t\t\t\t\t<\/div>\n\t\t\t\t<\/div>\n\t\t\t\t\t<\/div>\n\t\t<\/div>\n\t\t\t\t\t<\/div>\n\t\t<\/section>\n\t\t\t\t<\/div>\n\t\t","protected":false},"excerpt":{"rendered":"<p>La iluminaci\u00f3n exterior juega un papel importante en la creaci\u00f3n de un ambiente acogedor y seguro en nuestros hogares. Los apliques de pared son una opci\u00f3n popular para la iluminaci\u00f3n exterior debido a su versatilidad, variedad de dise\u00f1os y a la capacidad de proporcionar una iluminaci\u00f3n efectiva as\u00ed como decorativa. Sin embargo, elegir los apliques &#8230; <a title=\"Aprende a iluminar la terraza con apliques como un profesional\" class=\"read-more\" href=\"https:\/\/www.leonleds.com\/blog\/aprende-a-iluminar-la-terraza-con-apliques-como-un-profesional\/\" aria-label=\"Leer m\u00e1s sobre Aprende a iluminar la terraza con apliques como un profesional\">Leer m\u00e1s<\/a><\/p>\n","protected":false},"author":1,"featured_media":2175,"comment_status":"open","ping_status":"open","sticky":false,"template":"","format":"standard","meta":{"footnotes":""},"categories":[5,7],"tags":[44,46,47,48,124,130,151,170,188,269],"class_list":["post-2163","post","type-post","status-publish","format-standard","has-post-thumbnail","hentry","category-guias-de-compra","category-iluminacion-interior","tag-aplique-pared-exterior-led","tag-aplique-pared-ip65","tag-apliques-led-exteriores","tag-apliques-pared-exterior","tag-ilumina-como-un-profesional","tag-iluminacion-con-apliques","tag-iluminacion-led","tag-iluminacion-para-el-hogar","tag-iluminar","tag-profesionales"],"_links":{"self":[{"href":"https:\/\/www.leonleds.com\/blog\/wp-json\/wp\/v2\/posts\/2163","targetHints":{"allow":["GET"]}}],"collection":[{"href":"https:\/\/www.leonleds.com\/blog\/wp-json\/wp\/v2\/posts"}],"about":[{"href":"https:\/\/www.leonleds.com\/blog\/wp-json\/wp\/v2\/types\/post"}],"author":[{"embeddable":true,"href":"https:\/\/www.leonleds.com\/blog\/wp-json\/wp\/v2\/users\/1"}],"replies":[{"embeddable":true,"href":"https:\/\/www.leonleds.com\/blog\/wp-json\/wp\/v2\/comments?post=2163"}],"version-history":[{"count":0,"href":"https:\/\/www.leonleds.com\/blog\/wp-json\/wp\/v2\/posts\/2163\/revisions"}],"wp:featuredmedia":[{"embeddable":true,"href":"https:\/\/www.leonleds.com\/blog\/wp-json\/wp\/v2\/media\/2175"}],"wp:attachment":[{"href":"https:\/\/www.leonleds.com\/blog\/wp-json\/wp\/v2\/media?parent=2163"}],"wp:term":[{"taxonomy":"category","embeddable":true,"href":"https:\/\/www.leonleds.com\/blog\/wp-json\/wp\/v2\/categories?post=2163"},{"taxonomy":"post_tag","embeddable":true,"href":"https:\/\/www.leonleds.com\/blog\/wp-json\/wp\/v2\/tags?post=2163"}],"curies":[{"name":"wp","href":"https:\/\/api.w.org\/{rel}","templated":true}]}}