{"id":2282,"date":"2023-09-28T13:00:00","date_gmt":"2023-09-28T11:00:00","guid":{"rendered":"https:\/\/www.leonleds.com\/blog\/?p=2282"},"modified":"2023-09-28T13:00:00","modified_gmt":"2023-09-28T11:00:00","slug":"puedo-utilizar-mi-ventilador-de-techo-en-invierno","status":"publish","type":"post","link":"https:\/\/www.leonleds.com\/blog\/puedo-utilizar-mi-ventilador-de-techo-en-invierno\/","title":{"rendered":"\u00bfPuedo utilizar mi ventilador de techo en invierno?"},"content":{"rendered":"\t\t<div data-elementor-type=\"wp-post\" data-elementor-id=\"2282\" class=\"elementor elementor-2282\">\n\t\t\t\t\t\t<section class=\"elementor-section elementor-top-section elementor-element elementor-element-211e76bc elementor-section-boxed elementor-section-height-default elementor-section-height-default\" data-id=\"211e76bc\" data-element_type=\"section\" data-e-type=\"section\">\n\t\t\t\t\t\t<div class=\"elementor-container elementor-column-gap-default\">\n\t\t\t\t\t\t<\/div>\n\t\t<\/section>\n\t\t\t\t<section class=\"elementor-section elementor-top-section elementor-element elementor-element-786857bf elementor-section-boxed elementor-section-height-default elementor-section-height-default\" data-id=\"786857bf\" data-element_type=\"section\" data-e-type=\"section\">\n\t\t\t\t\t\t<div class=\"elementor-container elementor-column-gap-default\">\n\t\t\t\t\t<div class=\"elementor-column elementor-col-100 elementor-top-column elementor-element elementor-element-69263bd0\" data-id=\"69263bd0\" data-element_type=\"column\" data-e-type=\"column\">\n\t\t\t<div class=\"elementor-widget-wrap elementor-element-populated\">\n\t\t\t\t\t\t<div class=\"elementor-element elementor-element-3cb8f93b elementor-widget elementor-widget-text-editor\" data-id=\"3cb8f93b\" data-element_type=\"widget\" data-e-type=\"widget\" data-widget_type=\"text-editor.default\">\n\t\t\t\t<div class=\"elementor-widget-container\">\n\t\t\t\t\t\t\t\t\t<p>A menudo, <strong>cuando pensamos en <a href=\"https:\/\/www.leonleds.com\/es\/ventiladores-de-techo\">ventiladores de techo<\/a><\/strong>, <strong>lo relacionamos<\/strong> autom\u00e1ticamente con el alivio que proporcionan durante los calurosos <strong>meses de verano.<\/strong> Sin embargo, estos dispositivos tienen un <strong>papel que desempe\u00f1ar durante los meses m\u00e1s fr\u00edos del a\u00f1o. <\/strong><\/p><p>En <strong>este post<\/strong> te mostramos <strong>c\u00f3mo puedes utilizar los ventiladores de techo<\/strong> en invierno para <strong>optimizar la calefacci\u00f3n<\/strong> en tu hogar <strong>y reducir los costes<\/strong> de energ\u00eda.<\/p>\t\t\t\t\t\t\t\t<\/div>\n\t\t\t\t<\/div>\n\t\t\t\t\t<\/div>\n\t\t<\/div>\n\t\t\t\t\t<\/div>\n\t\t<\/section>\n\t\t\t\t<section class=\"elementor-section elementor-top-section elementor-element elementor-element-2c31e616 elementor-section-boxed elementor-section-height-default elementor-section-height-default\" data-id=\"2c31e616\" data-element_type=\"section\" data-e-type=\"section\">\n\t\t\t\t\t\t<div class=\"elementor-container elementor-column-gap-default\">\n\t\t\t\t\t<div class=\"elementor-column elementor-col-100 elementor-top-column elementor-element elementor-element-18121bfe\" data-id=\"18121bfe\" data-element_type=\"column\" data-e-type=\"column\">\n\t\t\t<div class=\"elementor-widget-wrap elementor-element-populated\">\n\t\t\t\t\t\t<div class=\"elementor-element elementor-element-59de4dd2 elementor-widget elementor-widget-text-editor\" data-id=\"59de4dd2\" data-element_type=\"widget\" data-e-type=\"widget\" data-widget_type=\"text-editor.default\">\n\t\t\t\t<div class=\"elementor-widget-container\">\n\t\t\t\t\t\t\t\t\t<h2><strong>Cambia la direcci\u00f3n del ventilador<\/strong><\/h2><p>La mayor\u00eda de los <a href=\"https:\/\/www.leonleds.com\/es\/ventiladores-de-techo-silenciosos\">ventiladores de techo modernos<\/a> tienen un interruptor que <strong>permite cambiar la direcci\u00f3n en la que giran las aspas.<\/strong> En <strong>verano<\/strong>, los ventiladores deber\u00edan <strong>girar en sentido contrario a las agujas del reloj<\/strong>, generando un flujo de aire hacia abajo que produce una agradable brisa. Sin embargo, <strong>en invierno<\/strong>, deber\u00edas cambiar la<strong> direcci\u00f3n a las agujas del reloj.<\/strong><\/p>\t\t\t\t\t\t\t\t<\/div>\n\t\t\t\t<\/div>\n\t\t\t\t\t<\/div>\n\t\t<\/div>\n\t\t\t\t\t<\/div>\n\t\t<\/section>\n\t\t\t\t<section class=\"elementor-section elementor-top-section elementor-element elementor-element-52411277 elementor-section-boxed elementor-section-height-default elementor-section-height-default\" data-id=\"52411277\" data-element_type=\"section\" data-e-type=\"section\">\n\t\t\t\t\t\t<div class=\"elementor-container elementor-column-gap-default\">\n\t\t\t\t\t<div class=\"elementor-column elementor-col-100 elementor-top-column elementor-element elementor-element-1923cf23\" data-id=\"1923cf23\" data-element_type=\"column\" data-e-type=\"column\">\n\t\t\t<div class=\"elementor-widget-wrap elementor-element-populated\">\n\t\t\t\t\t\t<div class=\"elementor-element elementor-element-137cbec2 elementor-widget elementor-widget-image\" data-id=\"137cbec2\" data-element_type=\"widget\" data-e-type=\"widget\" data-widget_type=\"image.default\">\n\t\t\t\t<div class=\"elementor-widget-container\">\n\t\t\t\t\t\t\t\t\t\t\t\t\t\t\t\t<a href=\"https:\/\/www.leonleds.com\/es\/bombilla-led-wiz-con-conexion-wifi-e27-115w.html\">\n\t\t\t\t\t\t\t<img fetchpriority=\"high\" decoding=\"async\" width=\"1024\" height=\"1024\" src=\"https:\/\/www.leonleds.com\/blog\/wp-content\/uploads\/2023\/09\/funcininversa2-copia.jpg\" class=\"attachment-large size-large wp-image-2284\" alt=\"\" srcset=\"https:\/\/www.leonleds.com\/blog\/wp-content\/uploads\/2023\/09\/funcininversa2-copia.jpg 1024w, https:\/\/www.leonleds.com\/blog\/wp-content\/uploads\/2023\/09\/funcininversa2-copia-300x300.jpg 300w, https:\/\/www.leonleds.com\/blog\/wp-content\/uploads\/2023\/09\/funcininversa2-copia-150x150.jpg 150w, https:\/\/www.leonleds.com\/blog\/wp-content\/uploads\/2023\/09\/funcininversa2-copia-768x768.jpg 768w\" sizes=\"(max-width: 1024px) 100vw, 1024px\" \/>\t\t\t\t\t\t\t\t<\/a>\n\t\t\t\t\t\t\t\t\t\t\t\t\t\t\t<\/div>\n\t\t\t\t<\/div>\n\t\t\t\t\t<\/div>\n\t\t<\/div>\n\t\t\t\t\t<\/div>\n\t\t<\/section>\n\t\t\t\t<section class=\"elementor-section elementor-top-section elementor-element elementor-element-49735740 elementor-section-boxed elementor-section-height-default elementor-section-height-default\" data-id=\"49735740\" data-element_type=\"section\" data-e-type=\"section\">\n\t\t\t\t\t\t<div class=\"elementor-container elementor-column-gap-default\">\n\t\t\t\t\t<div class=\"elementor-column elementor-col-100 elementor-top-column elementor-element elementor-element-4056c658\" data-id=\"4056c658\" data-element_type=\"column\" data-e-type=\"column\">\n\t\t\t<div class=\"elementor-widget-wrap elementor-element-populated\">\n\t\t\t\t\t\t<div class=\"elementor-element elementor-element-4b61f290 elementor-widget elementor-widget-text-editor\" data-id=\"4b61f290\" data-element_type=\"widget\" data-e-type=\"widget\" data-widget_type=\"text-editor.default\">\n\t\t\t\t<div class=\"elementor-widget-container\">\n\t\t\t\t\t\t\t\t\t<div><div><h2><strong>\u00bfPor qu\u00e9 es importante cambiar la direcci\u00f3n del ventilador?<\/strong><\/h2><\/div><div><p>Cuando los <a href=\"https:\/\/www.leonleds.com\/es\/ventiladores-de-techo-con-luz\">ventiladores<\/a> giran en el <strong>sentido de las agujas del reloj<\/strong>, <strong>no crean una brisa perceptible<\/strong>. En lugar de eso, empujan el aire hacia el techo. El calor tiende a subir, por lo que <strong>durante los meses fr\u00edos, el aire caliente se acumula en la parte superior<\/strong> de la habitaci\u00f3n. Al hacer funcionar el <strong>ventilador en direcci\u00f3n contraria<\/strong>, este <strong>aire caliente se redistribuye hacia abajo<\/strong> y por toda la habitaci\u00f3n, equilibrando la temperatura y evitando que tu sistema de calefacci\u00f3n trabaje en exceso.<\/p><\/div><\/div>\t\t\t\t\t\t\t\t<\/div>\n\t\t\t\t<\/div>\n\t\t\t\t\t<\/div>\n\t\t<\/div>\n\t\t\t\t\t<\/div>\n\t\t<\/section>\n\t\t\t\t<section class=\"elementor-section elementor-top-section elementor-element elementor-element-160911c9 elementor-section-boxed elementor-section-height-default elementor-section-height-default\" data-id=\"160911c9\" data-element_type=\"section\" data-e-type=\"section\">\n\t\t\t\t\t\t<div class=\"elementor-container elementor-column-gap-default\">\n\t\t\t\t\t<div class=\"elementor-column elementor-col-100 elementor-top-column elementor-element elementor-element-7690f27b\" data-id=\"7690f27b\" data-element_type=\"column\" data-e-type=\"column\">\n\t\t\t<div class=\"elementor-widget-wrap elementor-element-populated\">\n\t\t\t\t\t\t<div class=\"elementor-element elementor-element-36b93070 elementor-widget elementor-widget-image\" data-id=\"36b93070\" data-element_type=\"widget\" data-e-type=\"widget\" data-widget_type=\"image.default\">\n\t\t\t\t<div class=\"elementor-widget-container\">\n\t\t\t\t\t\t\t\t\t\t\t\t\t\t\t\t<a href=\"https:\/\/www.leonleds.com\/es\/ventilador-de-techo-led-negro-con-aspas-abatibles-coin.html\">\n\t\t\t\t\t\t\t<img decoding=\"async\" width=\"1024\" height=\"1024\" src=\"https:\/\/www.leonleds.com\/blog\/wp-content\/uploads\/2023\/06\/8218_AMBIENTE.png\" class=\"attachment-large size-large wp-image-2007\" alt=\"ventilador-techo-coin\" srcset=\"https:\/\/www.leonleds.com\/blog\/wp-content\/uploads\/2023\/06\/8218_AMBIENTE.png 1024w, https:\/\/www.leonleds.com\/blog\/wp-content\/uploads\/2023\/06\/8218_AMBIENTE-300x300.png 300w, https:\/\/www.leonleds.com\/blog\/wp-content\/uploads\/2023\/06\/8218_AMBIENTE-150x150.png 150w, https:\/\/www.leonleds.com\/blog\/wp-content\/uploads\/2023\/06\/8218_AMBIENTE-768x768.png 768w\" sizes=\"(max-width: 1024px) 100vw, 1024px\" \/>\t\t\t\t\t\t\t\t<\/a>\n\t\t\t\t\t\t\t\t\t\t\t\t\t\t\t<\/div>\n\t\t\t\t<\/div>\n\t\t\t\t\t<\/div>\n\t\t<\/div>\n\t\t\t\t\t<\/div>\n\t\t<\/section>\n\t\t\t\t<section class=\"elementor-section elementor-top-section elementor-element elementor-element-52ed8aa1 elementor-section-boxed elementor-section-height-default elementor-section-height-default\" data-id=\"52ed8aa1\" data-element_type=\"section\" data-e-type=\"section\">\n\t\t\t\t\t\t<div class=\"elementor-container elementor-column-gap-default\">\n\t\t\t\t\t<div class=\"elementor-column elementor-col-100 elementor-top-column elementor-element elementor-element-50a34d4f\" data-id=\"50a34d4f\" data-element_type=\"column\" data-e-type=\"column\">\n\t\t\t<div class=\"elementor-widget-wrap elementor-element-populated\">\n\t\t\t\t\t\t<div class=\"elementor-element elementor-element-5bfbf040 elementor-widget elementor-widget-text-editor\" data-id=\"5bfbf040\" data-element_type=\"widget\" data-e-type=\"widget\" data-widget_type=\"text-editor.default\">\n\t\t\t\t<div class=\"elementor-widget-container\">\n\t\t\t\t\t\t\t\t\t<div><div><h2><strong>Ajusta la velocidad<\/strong><\/h2><\/div><div><p>En <strong>invierno<\/strong>, es recomendable utilizar el ventilador de techo a una <strong>velocidad baja o media.<\/strong> Esto asegura una <strong>distribuci\u00f3n suave y uniforme del aire<\/strong> caliente sin crear corrientes de aire fr\u00edo.<\/p><\/div><\/div>\t\t\t\t\t\t\t\t<\/div>\n\t\t\t\t<\/div>\n\t\t\t\t\t<\/div>\n\t\t<\/div>\n\t\t\t\t\t<\/div>\n\t\t<\/section>\n\t\t\t\t<section class=\"elementor-section elementor-top-section elementor-element elementor-element-2012d7d3 elementor-section-boxed elementor-section-height-default elementor-section-height-default\" data-id=\"2012d7d3\" data-element_type=\"section\" data-e-type=\"section\">\n\t\t\t\t\t\t<div class=\"elementor-container elementor-column-gap-default\">\n\t\t\t\t\t<div class=\"elementor-column elementor-col-100 elementor-top-column elementor-element elementor-element-2f9b81a0\" data-id=\"2f9b81a0\" data-element_type=\"column\" data-e-type=\"column\">\n\t\t\t<div class=\"elementor-widget-wrap elementor-element-populated\">\n\t\t\t\t\t\t<div class=\"elementor-element elementor-element-3ac1a91d elementor-widget elementor-widget-text-editor\" data-id=\"3ac1a91d\" data-element_type=\"widget\" data-e-type=\"widget\" data-widget_type=\"text-editor.default\">\n\t\t\t\t<div class=\"elementor-widget-container\">\n\t\t\t\t\t\t\t\t\t<div><div><h2><strong>Ahorro de energ\u00eda<\/strong><\/h2><\/div><div><p><strong>Usar correctamente un ventilador<\/strong> de techo durante el invierno <strong>puede ayudarte a reducir la factura de calefacci\u00f3n.<\/strong> Al recircular el aire caliente que normalmente se queda atrapado en el techo, puedes bajar el termostato unos grados sin sacrificar el confort. Seg\u00fan algunos estudios, esto puede traducirse en <strong>un ahorro de hasta un 10%<\/strong> en los costes de calefacci\u00f3n.<\/p><\/div><\/div>\t\t\t\t\t\t\t\t<\/div>\n\t\t\t\t<\/div>\n\t\t\t\t\t<\/div>\n\t\t<\/div>\n\t\t\t\t\t<\/div>\n\t\t<\/section>\n\t\t\t\t<section class=\"elementor-section elementor-top-section elementor-element elementor-element-564dc7a2 elementor-section-boxed elementor-section-height-default elementor-section-height-default\" data-id=\"564dc7a2\" data-element_type=\"section\" data-e-type=\"section\">\n\t\t\t\t\t\t<div class=\"elementor-container elementor-column-gap-default\">\n\t\t\t\t\t<div class=\"elementor-column elementor-col-100 elementor-top-column elementor-element elementor-element-7d819ee5\" data-id=\"7d819ee5\" data-element_type=\"column\" data-e-type=\"column\">\n\t\t\t<div class=\"elementor-widget-wrap elementor-element-populated\">\n\t\t\t\t\t\t<div class=\"elementor-element elementor-element-1c273836 elementor-widget elementor-widget-image\" data-id=\"1c273836\" data-element_type=\"widget\" data-e-type=\"widget\" data-widget_type=\"image.default\">\n\t\t\t\t<div class=\"elementor-widget-container\">\n\t\t\t\t\t\t\t\t\t\t\t\t\t\t\t\t<a href=\"https:\/\/www.leonleds.com\/es\/ventilador-de-techo-led-tonda-negro-palas-en-madera-ip44-dc.html\">\n\t\t\t\t\t\t\t<img decoding=\"async\" width=\"1024\" height=\"1024\" src=\"https:\/\/www.leonleds.com\/blog\/wp-content\/uploads\/2023\/06\/tonda.jpg\" class=\"attachment-large size-large wp-image-2027\" alt=\"\" srcset=\"https:\/\/www.leonleds.com\/blog\/wp-content\/uploads\/2023\/06\/tonda.jpg 1024w, https:\/\/www.leonleds.com\/blog\/wp-content\/uploads\/2023\/06\/tonda-300x300.jpg 300w, https:\/\/www.leonleds.com\/blog\/wp-content\/uploads\/2023\/06\/tonda-150x150.jpg 150w, https:\/\/www.leonleds.com\/blog\/wp-content\/uploads\/2023\/06\/tonda-768x768.jpg 768w\" sizes=\"(max-width: 1024px) 100vw, 1024px\" \/>\t\t\t\t\t\t\t\t<\/a>\n\t\t\t\t\t\t\t\t\t\t\t\t\t\t\t<\/div>\n\t\t\t\t<\/div>\n\t\t\t\t\t<\/div>\n\t\t<\/div>\n\t\t\t\t\t<\/div>\n\t\t<\/section>\n\t\t\t\t<section class=\"elementor-section elementor-top-section elementor-element elementor-element-57b32793 elementor-section-boxed elementor-section-height-default elementor-section-height-default\" data-id=\"57b32793\" data-element_type=\"section\" data-e-type=\"section\">\n\t\t\t\t\t\t<div class=\"elementor-container elementor-column-gap-default\">\n\t\t\t\t\t<div class=\"elementor-column elementor-col-100 elementor-top-column elementor-element elementor-element-67300a4c\" data-id=\"67300a4c\" data-element_type=\"column\" data-e-type=\"column\">\n\t\t\t<div class=\"elementor-widget-wrap elementor-element-populated\">\n\t\t\t\t\t\t<div class=\"elementor-element elementor-element-6d58f4a0 elementor-widget elementor-widget-text-editor\" data-id=\"6d58f4a0\" data-element_type=\"widget\" data-e-type=\"widget\" data-widget_type=\"text-editor.default\">\n\t\t\t\t<div class=\"elementor-widget-container\">\n\t\t\t\t\t\t\t\t\t<div><div><h2><strong>Mantenimiento del ventilador de techo<\/strong><\/h2><\/div><div><p>El <strong>mantenimiento<\/strong> de un ventilador de techo es <strong>sencillo<\/strong>. Realizando los siguientes peque\u00f1os gestos podremos garantizar el buen funcionamiento del ventilador:<\/p><\/div><ul><li><strong>Limpiar las aspas<\/strong> con un pa\u00f1o h\u00famedo de vez en cuando para retirar el polvo.<\/li><li><strong>Encender el ventilador durante un par de minutos<\/strong> al menos <strong>una vez al mes<\/strong> para para que el transformador suelte la carga el\u00e9ctrica acumulada.<\/li><li><strong>Revisar la fijaci\u00f3n al techo<\/strong> en cada inicio de temporada.<\/li><\/ul><\/div>\t\t\t\t\t\t\t\t<\/div>\n\t\t\t\t<\/div>\n\t\t\t\t\t<\/div>\n\t\t<\/div>\n\t\t\t\t\t<\/div>\n\t\t<\/section>\n\t\t\t\t<section class=\"elementor-section elementor-top-section elementor-element elementor-element-4af69244 elementor-section-boxed elementor-section-height-default elementor-section-height-default\" data-id=\"4af69244\" data-element_type=\"section\" data-e-type=\"section\">\n\t\t\t\t\t\t<div class=\"elementor-container elementor-column-gap-default\">\n\t\t\t\t\t<div class=\"elementor-column elementor-col-100 elementor-top-column elementor-element elementor-element-3638a94e\" data-id=\"3638a94e\" data-element_type=\"column\" data-e-type=\"column\">\n\t\t\t<div class=\"elementor-widget-wrap elementor-element-populated\">\n\t\t\t\t\t\t<div class=\"elementor-element elementor-element-4d63f994 elementor-widget elementor-widget-image\" data-id=\"4d63f994\" data-element_type=\"widget\" data-e-type=\"widget\" data-widget_type=\"image.default\">\n\t\t\t\t<div class=\"elementor-widget-container\">\n\t\t\t\t\t\t\t\t\t\t\t\t\t\t\t\t<a href=\"https:\/\/www.leonleds.com\/es\/ventilador-led-con-luz-regulable-batan-negro.html\">\n\t\t\t\t\t\t\t<img loading=\"lazy\" decoding=\"async\" width=\"1024\" height=\"1024\" src=\"https:\/\/www.leonleds.com\/blog\/wp-content\/uploads\/2023\/04\/ventilador-de-techo-led-batan-negro-35w-3200lm-cct.png\" class=\"attachment-large size-large wp-image-1814\" alt=\"Ventilador de techo Bat\u00e1n DC\" srcset=\"https:\/\/www.leonleds.com\/blog\/wp-content\/uploads\/2023\/04\/ventilador-de-techo-led-batan-negro-35w-3200lm-cct.png 1024w, https:\/\/www.leonleds.com\/blog\/wp-content\/uploads\/2023\/04\/ventilador-de-techo-led-batan-negro-35w-3200lm-cct-300x300.png 300w, https:\/\/www.leonleds.com\/blog\/wp-content\/uploads\/2023\/04\/ventilador-de-techo-led-batan-negro-35w-3200lm-cct-150x150.png 150w, https:\/\/www.leonleds.com\/blog\/wp-content\/uploads\/2023\/04\/ventilador-de-techo-led-batan-negro-35w-3200lm-cct-768x768.png 768w\" sizes=\"(max-width: 1024px) 100vw, 1024px\" \/>\t\t\t\t\t\t\t\t<\/a>\n\t\t\t\t\t\t\t\t\t\t\t\t\t\t\t<\/div>\n\t\t\t\t<\/div>\n\t\t\t\t\t<\/div>\n\t\t<\/div>\n\t\t\t\t\t<\/div>\n\t\t<\/section>\n\t\t\t\t<section class=\"elementor-section elementor-top-section elementor-element elementor-element-1ea8da34 elementor-section-boxed elementor-section-height-default elementor-section-height-default\" data-id=\"1ea8da34\" data-element_type=\"section\" data-e-type=\"section\">\n\t\t\t\t\t\t<div class=\"elementor-container elementor-column-gap-default\">\n\t\t\t\t\t<div class=\"elementor-column elementor-col-100 elementor-top-column elementor-element elementor-element-4f131253\" data-id=\"4f131253\" data-element_type=\"column\" data-e-type=\"column\">\n\t\t\t<div class=\"elementor-widget-wrap elementor-element-populated\">\n\t\t\t\t\t\t<div class=\"elementor-element elementor-element-96f9600 elementor-widget elementor-widget-text-editor\" data-id=\"96f9600\" data-element_type=\"widget\" data-e-type=\"widget\" data-widget_type=\"text-editor.default\">\n\t\t\t\t<div class=\"elementor-widget-container\">\n\t\t\t\t\t\t\t\t\t<div><div><p><strong>Los ventiladores de techo no son solo para el verano.<\/strong> Al ajustar la direcci\u00f3n de las aspas y controlar la velocidad, pueden ser <strong>herramientas efectivas para mejorar la eficiencia<\/strong> de tu sistema de calefacci\u00f3n durante el invierno. Aprovecha al m\u00e1ximo tu ventilador este invierno y disfruta de un hogar c\u00e1lido y acogedor mientras ahorras en tu factura de energ\u00eda.<\/p><\/div><\/div>\t\t\t\t\t\t\t\t<\/div>\n\t\t\t\t<\/div>\n\t\t\t\t\t<\/div>\n\t\t<\/div>\n\t\t\t\t\t<\/div>\n\t\t<\/section>\n\t\t\t\t<\/div>\n\t\t","protected":false},"excerpt":{"rendered":"<p>A menudo, cuando pensamos en ventiladores de techo, lo relacionamos autom\u00e1ticamente con el alivio que proporcionan durante los calurosos meses de verano. Sin embargo, estos dispositivos tienen un papel que desempe\u00f1ar durante los meses m\u00e1s fr\u00edos del a\u00f1o. En este post te mostramos c\u00f3mo puedes utilizar los ventiladores de techo en invierno para optimizar la &#8230; <a title=\"\u00bfPuedo utilizar mi ventilador de techo en invierno?\" class=\"read-more\" href=\"https:\/\/www.leonleds.com\/blog\/puedo-utilizar-mi-ventilador-de-techo-en-invierno\/\" aria-label=\"Leer m\u00e1s sobre \u00bfPuedo utilizar mi ventilador de techo en invierno?\">Leer m\u00e1s<\/a><\/p>\n","protected":false},"author":1,"featured_media":2297,"comment_status":"open","ping_status":"open","sticky":false,"template":"","format":"standard","meta":{"footnotes":""},"categories":[7],"tags":[118,203,300,306,307,308,309,310],"class_list":["post-2282","post","type-post","status-publish","format-standard","has-post-thumbnail","hentry","category-iluminacion-interior","tag-funcion-inversa","tag-invierno","tag-ventilador-de-techo","tag-ventiladores","tag-ventiladores-de-techo","tag-ventiladores-en-invierno","tag-ventiladores-led","tag-ventiladores-led-de-techo"],"_links":{"self":[{"href":"https:\/\/www.leonleds.com\/blog\/wp-json\/wp\/v2\/posts\/2282","targetHints":{"allow":["GET"]}}],"collection":[{"href":"https:\/\/www.leonleds.com\/blog\/wp-json\/wp\/v2\/posts"}],"about":[{"href":"https:\/\/www.leonleds.com\/blog\/wp-json\/wp\/v2\/types\/post"}],"author":[{"embeddable":true,"href":"https:\/\/www.leonleds.com\/blog\/wp-json\/wp\/v2\/users\/1"}],"replies":[{"embeddable":true,"href":"https:\/\/www.leonleds.com\/blog\/wp-json\/wp\/v2\/comments?post=2282"}],"version-history":[{"count":0,"href":"https:\/\/www.leonleds.com\/blog\/wp-json\/wp\/v2\/posts\/2282\/revisions"}],"wp:featuredmedia":[{"embeddable":true,"href":"https:\/\/www.leonleds.com\/blog\/wp-json\/wp\/v2\/media\/2297"}],"wp:attachment":[{"href":"https:\/\/www.leonleds.com\/blog\/wp-json\/wp\/v2\/media?parent=2282"}],"wp:term":[{"taxonomy":"category","embeddable":true,"href":"https:\/\/www.leonleds.com\/blog\/wp-json\/wp\/v2\/categories?post=2282"},{"taxonomy":"post_tag","embeddable":true,"href":"https:\/\/www.leonleds.com\/blog\/wp-json\/wp\/v2\/tags?post=2282"}],"curies":[{"name":"wp","href":"https:\/\/api.w.org\/{rel}","templated":true}]}}