{"id":2837,"date":"2024-02-22T13:00:00","date_gmt":"2024-02-22T12:00:00","guid":{"rendered":"https:\/\/www.leonleds.com\/blog\/?p=2837"},"modified":"2024-02-22T13:00:00","modified_gmt":"2024-02-22T12:00:00","slug":"que-es-la-funcion-inversa-en-ventiladores-de-techo","status":"publish","type":"post","link":"https:\/\/www.leonleds.com\/blog\/que-es-la-funcion-inversa-en-ventiladores-de-techo\/","title":{"rendered":"Qu\u00e9 es la funci\u00f3n inversa en ventiladores de techo"},"content":{"rendered":"\t\t<div data-elementor-type=\"wp-post\" data-elementor-id=\"2837\" class=\"elementor elementor-2837\">\n\t\t\t\t\t\t<section class=\"elementor-section elementor-top-section elementor-element elementor-element-523d41e7 elementor-section-boxed elementor-section-height-default elementor-section-height-default\" data-id=\"523d41e7\" data-element_type=\"section\" data-e-type=\"section\">\n\t\t\t\t\t\t<div class=\"elementor-container elementor-column-gap-default\">\n\t\t\t\t\t\t<\/div>\n\t\t<\/section>\n\t\t\t\t<section class=\"elementor-section elementor-top-section elementor-element elementor-element-15bdc843 elementor-section-boxed elementor-section-height-default elementor-section-height-default\" data-id=\"15bdc843\" data-element_type=\"section\" data-e-type=\"section\">\n\t\t\t\t\t\t<div class=\"elementor-container elementor-column-gap-default\">\n\t\t\t\t\t<div class=\"elementor-column elementor-col-100 elementor-top-column elementor-element elementor-element-2eba7e6d\" data-id=\"2eba7e6d\" data-element_type=\"column\" data-e-type=\"column\">\n\t\t\t<div class=\"elementor-widget-wrap elementor-element-populated\">\n\t\t\t\t\t\t<div class=\"elementor-element elementor-element-25956f5e elementor-widget elementor-widget-text-editor\" data-id=\"25956f5e\" data-element_type=\"widget\" data-e-type=\"widget\" data-widget_type=\"text-editor.default\">\n\t\t\t\t<div class=\"elementor-widget-container\">\n\t\t\t\t\t\t\t\t\t<div><p><strong>\u00bfNo ser\u00eda incre\u00edble contar con un \u00fanico dispositivo que nos refresque en verano y nos proporcione calidez en invierno?<\/strong> \u00a1Pues bien, esto ya es posible gracias a los <a href=\"https:\/\/www.leonleds.com\/es\/ventiladores-de-techo\">ventiladores de techo<\/a> con funci\u00f3n inversa! \u00bfA\u00fan no conoces esta funci\u00f3n?<\/p><p><strong>En este post te explicaremos las ventajas de los ventiladores<\/strong> de techo que la incorporan.<\/p><\/div>\t\t\t\t\t\t\t\t<\/div>\n\t\t\t\t<\/div>\n\t\t\t\t\t<\/div>\n\t\t<\/div>\n\t\t\t\t\t<\/div>\n\t\t<\/section>\n\t\t\t\t<section class=\"elementor-section elementor-top-section elementor-element elementor-element-24068e61 elementor-section-boxed elementor-section-height-default elementor-section-height-default\" data-id=\"24068e61\" data-element_type=\"section\" data-e-type=\"section\">\n\t\t\t\t\t\t<div class=\"elementor-container elementor-column-gap-default\">\n\t\t\t\t\t<div class=\"elementor-column elementor-col-100 elementor-top-column elementor-element elementor-element-729b545\" data-id=\"729b545\" data-element_type=\"column\" data-e-type=\"column\">\n\t\t\t<div class=\"elementor-widget-wrap elementor-element-populated\">\n\t\t\t\t\t\t<div class=\"elementor-element elementor-element-15623b49 elementor-widget elementor-widget-text-editor\" data-id=\"15623b49\" data-element_type=\"widget\" data-e-type=\"widget\" data-widget_type=\"text-editor.default\">\n\t\t\t\t<div class=\"elementor-widget-container\">\n\t\t\t\t\t\t\t\t\t<div><h2 style=\"text-align: center;\"><strong>\u00bfQu\u00e9 es la funci\u00f3n inversa?<\/strong><\/h2><\/div><div><p style=\"text-align: center;\">La <strong>funci\u00f3n inversa<\/strong> es una <strong>caracter\u00edstica com\u00fan en la mayor\u00eda de los ventiladores de techo modernos.<\/strong> Esta funci\u00f3n <strong>permite que las aspas giren en dos direcciones diferentes<\/strong>: en sentido antihorario durante el verano y en sentido horario durante el invierno. Pero, \u00bfc\u00f3mo opera exactamente el modo verano-invierno o funci\u00f3n inversa?<\/p><\/div>\t\t\t\t\t\t\t\t<\/div>\n\t\t\t\t<\/div>\n\t\t\t\t\t<\/div>\n\t\t<\/div>\n\t\t\t\t\t<\/div>\n\t\t<\/section>\n\t\t\t\t<section class=\"elementor-section elementor-top-section elementor-element elementor-element-7824cdf2 elementor-section-boxed elementor-section-height-default elementor-section-height-default\" data-id=\"7824cdf2\" data-element_type=\"section\" data-e-type=\"section\">\n\t\t\t\t\t\t<div class=\"elementor-container elementor-column-gap-default\">\n\t\t\t\t\t<div class=\"elementor-column elementor-col-50 elementor-top-column elementor-element elementor-element-1c8687c1\" data-id=\"1c8687c1\" data-element_type=\"column\" data-e-type=\"column\">\n\t\t\t<div class=\"elementor-widget-wrap elementor-element-populated\">\n\t\t\t\t\t\t<div class=\"elementor-element elementor-element-207429d9 elementor-widget elementor-widget-image\" data-id=\"207429d9\" data-element_type=\"widget\" data-e-type=\"widget\" data-widget_type=\"image.default\">\n\t\t\t\t<div class=\"elementor-widget-container\">\n\t\t\t\t\t\t\t\t\t\t\t\t\t\t\t\t<a href=\"https:\/\/www.leonleds.com\/es\/ventilador-de-techo-led-retractil-con-motor-dc-dorado-y-blanco-bliss.html\">\n\t\t\t\t\t\t\t<img fetchpriority=\"high\" decoding=\"async\" width=\"1024\" height=\"1024\" src=\"https:\/\/www.leonleds.com\/blog\/wp-content\/uploads\/2024\/02\/57.jpg\" class=\"attachment-large size-large wp-image-2840\" alt=\"\" srcset=\"https:\/\/www.leonleds.com\/blog\/wp-content\/uploads\/2024\/02\/57.jpg 1024w, https:\/\/www.leonleds.com\/blog\/wp-content\/uploads\/2024\/02\/57-300x300.jpg 300w, https:\/\/www.leonleds.com\/blog\/wp-content\/uploads\/2024\/02\/57-150x150.jpg 150w, https:\/\/www.leonleds.com\/blog\/wp-content\/uploads\/2024\/02\/57-768x768.jpg 768w\" sizes=\"(max-width: 1024px) 100vw, 1024px\" \/>\t\t\t\t\t\t\t\t<\/a>\n\t\t\t\t\t\t\t\t\t\t\t\t\t\t\t<\/div>\n\t\t\t\t<\/div>\n\t\t\t\t\t<\/div>\n\t\t<\/div>\n\t\t\t\t<div class=\"elementor-column elementor-col-50 elementor-top-column elementor-element elementor-element-fb4e11c\" data-id=\"fb4e11c\" data-element_type=\"column\" data-e-type=\"column\">\n\t\t\t<div class=\"elementor-widget-wrap elementor-element-populated\">\n\t\t\t\t\t\t<div class=\"elementor-element elementor-element-36d63c12 elementor-widget elementor-widget-image\" data-id=\"36d63c12\" data-element_type=\"widget\" data-e-type=\"widget\" data-widget_type=\"image.default\">\n\t\t\t\t<div class=\"elementor-widget-container\">\n\t\t\t\t\t\t\t\t\t\t\t\t\t\t\t\t<a href=\"https:\/\/www.leonleds.com\/es\/ventilador-de-techo-led-retractil-con-motor-dc-dorado-y-blanco-bliss.html\">\n\t\t\t\t\t\t\t<img decoding=\"async\" width=\"1024\" height=\"1024\" src=\"https:\/\/www.leonleds.com\/blog\/wp-content\/uploads\/2024\/02\/61.jpg\" class=\"attachment-large size-large wp-image-2843\" alt=\"\" srcset=\"https:\/\/www.leonleds.com\/blog\/wp-content\/uploads\/2024\/02\/61.jpg 1024w, https:\/\/www.leonleds.com\/blog\/wp-content\/uploads\/2024\/02\/61-300x300.jpg 300w, https:\/\/www.leonleds.com\/blog\/wp-content\/uploads\/2024\/02\/61-150x150.jpg 150w, https:\/\/www.leonleds.com\/blog\/wp-content\/uploads\/2024\/02\/61-768x768.jpg 768w\" sizes=\"(max-width: 1024px) 100vw, 1024px\" \/>\t\t\t\t\t\t\t\t<\/a>\n\t\t\t\t\t\t\t\t\t\t\t\t\t\t\t<\/div>\n\t\t\t\t<\/div>\n\t\t\t\t\t<\/div>\n\t\t<\/div>\n\t\t\t\t\t<\/div>\n\t\t<\/section>\n\t\t\t\t<section class=\"elementor-section elementor-top-section elementor-element elementor-element-728346a0 elementor-section-boxed elementor-section-height-default elementor-section-height-default\" data-id=\"728346a0\" data-element_type=\"section\" data-e-type=\"section\">\n\t\t\t\t\t\t<div class=\"elementor-container elementor-column-gap-default\">\n\t\t\t\t\t<div class=\"elementor-column elementor-col-100 elementor-top-column elementor-element elementor-element-4c77fce8\" data-id=\"4c77fce8\" data-element_type=\"column\" data-e-type=\"column\">\n\t\t\t<div class=\"elementor-widget-wrap elementor-element-populated\">\n\t\t\t\t\t\t<div class=\"elementor-element elementor-element-2741bd2b elementor-widget elementor-widget-spacer\" data-id=\"2741bd2b\" data-element_type=\"widget\" data-e-type=\"widget\" data-widget_type=\"spacer.default\">\n\t\t\t\t<div class=\"elementor-widget-container\">\n\t\t\t\t\t\t\t<div class=\"elementor-spacer\">\n\t\t\t<div class=\"elementor-spacer-inner\"><\/div>\n\t\t<\/div>\n\t\t\t\t\t\t<\/div>\n\t\t\t\t<\/div>\n\t\t\t\t<div class=\"elementor-element elementor-element-bd9edc6 elementor-widget elementor-widget-text-editor\" data-id=\"bd9edc6\" data-element_type=\"widget\" data-e-type=\"widget\" data-widget_type=\"text-editor.default\">\n\t\t\t\t<div class=\"elementor-widget-container\">\n\t\t\t\t\t\t\t\t\t<div><div><p style=\"text-align: center;\">Los ventiladores con funci\u00f3n inversa ofrecen dos opciones de giro para las aspas. <strong>En el modo verano, el ventilador desplaza el aire desde el techo hacia el suelo.<\/strong> En la zona intermedia, donde nos encontramos, experimentamos una agradable sensaci\u00f3n de frescor generada por la circulaci\u00f3n del aire.<\/p><\/div><\/div>\t\t\t\t\t\t\t\t<\/div>\n\t\t\t\t<\/div>\n\t\t\t\t\t<\/div>\n\t\t<\/div>\n\t\t\t\t\t<\/div>\n\t\t<\/section>\n\t\t\t\t<section class=\"elementor-section elementor-top-section elementor-element elementor-element-145e73eb elementor-section-boxed elementor-section-height-default elementor-section-height-default\" data-id=\"145e73eb\" data-element_type=\"section\" data-e-type=\"section\">\n\t\t\t\t\t\t<div class=\"elementor-container elementor-column-gap-custom\">\n\t\t\t\t\t<div class=\"elementor-column elementor-col-50 elementor-top-column elementor-element elementor-element-3eee6a6e\" data-id=\"3eee6a6e\" data-element_type=\"column\" data-e-type=\"column\">\n\t\t\t<div class=\"elementor-widget-wrap elementor-element-populated\">\n\t\t\t\t\t\t<div class=\"elementor-element elementor-element-68b67a73 elementor-widget elementor-widget-image\" data-id=\"68b67a73\" data-element_type=\"widget\" data-e-type=\"widget\" data-widget_type=\"image.default\">\n\t\t\t\t<div class=\"elementor-widget-container\">\n\t\t\t\t\t\t\t\t\t\t\t\t\t\t\t\t<a href=\"https:\/\/www.leonleds.com\/es\/ventilador-de-techo-led-bliss-con-aspas-plegables-negro-motor-dc.html\">\n\t\t\t\t\t\t\t<img decoding=\"async\" width=\"1024\" height=\"1024\" src=\"https:\/\/www.leonleds.com\/blog\/wp-content\/uploads\/2024\/02\/59.jpg\" class=\"attachment-large size-large wp-image-2842\" alt=\"\" srcset=\"https:\/\/www.leonleds.com\/blog\/wp-content\/uploads\/2024\/02\/59.jpg 1024w, https:\/\/www.leonleds.com\/blog\/wp-content\/uploads\/2024\/02\/59-300x300.jpg 300w, https:\/\/www.leonleds.com\/blog\/wp-content\/uploads\/2024\/02\/59-150x150.jpg 150w, https:\/\/www.leonleds.com\/blog\/wp-content\/uploads\/2024\/02\/59-768x768.jpg 768w\" sizes=\"(max-width: 1024px) 100vw, 1024px\" \/>\t\t\t\t\t\t\t\t<\/a>\n\t\t\t\t\t\t\t\t\t\t\t\t\t\t\t<\/div>\n\t\t\t\t<\/div>\n\t\t\t\t\t<\/div>\n\t\t<\/div>\n\t\t\t\t<div class=\"elementor-column elementor-col-50 elementor-top-column elementor-element elementor-element-5fe78fe0\" data-id=\"5fe78fe0\" data-element_type=\"column\" data-e-type=\"column\">\n\t\t\t<div class=\"elementor-widget-wrap elementor-element-populated\">\n\t\t\t\t\t\t<div class=\"elementor-element elementor-element-9e7d112 elementor-widget elementor-widget-image\" data-id=\"9e7d112\" data-element_type=\"widget\" data-e-type=\"widget\" data-widget_type=\"image.default\">\n\t\t\t\t<div class=\"elementor-widget-container\">\n\t\t\t\t\t\t\t\t\t\t\t\t\t\t\t\t<a href=\"https:\/\/www.leonleds.com\/es\/ventilador-de-techo-led-bliss-con-aspas-plegables-negro-motor-dc.html\">\n\t\t\t\t\t\t\t<img loading=\"lazy\" decoding=\"async\" width=\"1024\" height=\"1024\" src=\"https:\/\/www.leonleds.com\/blog\/wp-content\/uploads\/2024\/02\/63.jpg\" class=\"attachment-large size-large wp-image-2845\" alt=\"\" srcset=\"https:\/\/www.leonleds.com\/blog\/wp-content\/uploads\/2024\/02\/63.jpg 1024w, https:\/\/www.leonleds.com\/blog\/wp-content\/uploads\/2024\/02\/63-300x300.jpg 300w, https:\/\/www.leonleds.com\/blog\/wp-content\/uploads\/2024\/02\/63-150x150.jpg 150w, https:\/\/www.leonleds.com\/blog\/wp-content\/uploads\/2024\/02\/63-768x768.jpg 768w\" sizes=\"(max-width: 1024px) 100vw, 1024px\" \/>\t\t\t\t\t\t\t\t<\/a>\n\t\t\t\t\t\t\t\t\t\t\t\t\t\t\t<\/div>\n\t\t\t\t<\/div>\n\t\t\t\t\t<\/div>\n\t\t<\/div>\n\t\t\t\t\t<\/div>\n\t\t<\/section>\n\t\t\t\t<section class=\"elementor-section elementor-top-section elementor-element elementor-element-17c47d9e elementor-section-boxed elementor-section-height-default elementor-section-height-default\" data-id=\"17c47d9e\" data-element_type=\"section\" data-e-type=\"section\">\n\t\t\t\t\t\t<div class=\"elementor-container elementor-column-gap-default\">\n\t\t\t\t\t<div class=\"elementor-column elementor-col-100 elementor-top-column elementor-element elementor-element-264e9beb\" data-id=\"264e9beb\" data-element_type=\"column\" data-e-type=\"column\">\n\t\t\t<div class=\"elementor-widget-wrap elementor-element-populated\">\n\t\t\t\t\t\t<div class=\"elementor-element elementor-element-1cca8c22 elementor-widget elementor-widget-spacer\" data-id=\"1cca8c22\" data-element_type=\"widget\" data-e-type=\"widget\" data-widget_type=\"spacer.default\">\n\t\t\t\t<div class=\"elementor-widget-container\">\n\t\t\t\t\t\t\t<div class=\"elementor-spacer\">\n\t\t\t<div class=\"elementor-spacer-inner\"><\/div>\n\t\t<\/div>\n\t\t\t\t\t\t<\/div>\n\t\t\t\t<\/div>\n\t\t\t\t<div class=\"elementor-element elementor-element-262467e1 elementor-widget elementor-widget-text-editor\" data-id=\"262467e1\" data-element_type=\"widget\" data-e-type=\"widget\" data-widget_type=\"text-editor.default\">\n\t\t\t\t<div class=\"elementor-widget-container\">\n\t\t\t\t\t\t\t\t\t<div><div><p style=\"text-align: center;\"><strong>Cuando llega el invierno, puedes cambiar tu ventilador de techo a \u00abmodo invierno\u00bb.<\/strong> En este caso, la funci\u00f3n inversa <strong>mueve el aire desde el suelo hacia el techo<\/strong>, impulsando el aire caliente que, al pesar menos, tiende a acumularse en la parte superior de la habitaci\u00f3n.<\/p><\/div><\/div>\t\t\t\t\t\t\t\t<\/div>\n\t\t\t\t<\/div>\n\t\t\t\t\t<\/div>\n\t\t<\/div>\n\t\t\t\t\t<\/div>\n\t\t<\/section>\n\t\t\t\t<section class=\"elementor-section elementor-top-section elementor-element elementor-element-79d770a0 elementor-section-boxed elementor-section-height-default elementor-section-height-default\" data-id=\"79d770a0\" data-element_type=\"section\" data-e-type=\"section\">\n\t\t\t\t\t\t<div class=\"elementor-container elementor-column-gap-custom\">\n\t\t\t\t\t<div class=\"elementor-column elementor-col-50 elementor-top-column elementor-element elementor-element-26f6c8fb\" data-id=\"26f6c8fb\" data-element_type=\"column\" data-e-type=\"column\">\n\t\t\t<div class=\"elementor-widget-wrap elementor-element-populated\">\n\t\t\t\t\t\t<div class=\"elementor-element elementor-element-2c6c18eb elementor-widget elementor-widget-image\" data-id=\"2c6c18eb\" data-element_type=\"widget\" data-e-type=\"widget\" data-widget_type=\"image.default\">\n\t\t\t\t<div class=\"elementor-widget-container\">\n\t\t\t\t\t\t\t\t\t\t\t\t\t\t\t\t<a href=\"https:\/\/www.leonleds.com\/es\/ventilador-de-techo-philips-led-retractil-con-mando-bliss-blanco-motor-dc.html\">\n\t\t\t\t\t\t\t<img loading=\"lazy\" decoding=\"async\" width=\"1024\" height=\"1024\" src=\"https:\/\/www.leonleds.com\/blog\/wp-content\/uploads\/2024\/02\/56.jpg\" class=\"attachment-large size-large wp-image-2839\" alt=\"\" srcset=\"https:\/\/www.leonleds.com\/blog\/wp-content\/uploads\/2024\/02\/56.jpg 1024w, https:\/\/www.leonleds.com\/blog\/wp-content\/uploads\/2024\/02\/56-300x300.jpg 300w, https:\/\/www.leonleds.com\/blog\/wp-content\/uploads\/2024\/02\/56-150x150.jpg 150w, https:\/\/www.leonleds.com\/blog\/wp-content\/uploads\/2024\/02\/56-768x768.jpg 768w\" sizes=\"(max-width: 1024px) 100vw, 1024px\" \/>\t\t\t\t\t\t\t\t<\/a>\n\t\t\t\t\t\t\t\t\t\t\t\t\t\t\t<\/div>\n\t\t\t\t<\/div>\n\t\t\t\t\t<\/div>\n\t\t<\/div>\n\t\t\t\t<div class=\"elementor-column elementor-col-50 elementor-top-column elementor-element elementor-element-737f50d\" data-id=\"737f50d\" data-element_type=\"column\" data-e-type=\"column\">\n\t\t\t<div class=\"elementor-widget-wrap elementor-element-populated\">\n\t\t\t\t\t\t<div class=\"elementor-element elementor-element-75427fdc elementor-widget elementor-widget-image\" data-id=\"75427fdc\" data-element_type=\"widget\" data-e-type=\"widget\" data-widget_type=\"image.default\">\n\t\t\t\t<div class=\"elementor-widget-container\">\n\t\t\t\t\t\t\t\t\t\t\t\t\t\t\t\t<a href=\"https:\/\/www.leonleds.com\/es\/ventilador-de-techo-philips-led-retractil-con-mando-bliss-blanco-motor-dc.html\">\n\t\t\t\t\t\t\t<img loading=\"lazy\" decoding=\"async\" width=\"500\" height=\"500\" src=\"https:\/\/www.leonleds.com\/blog\/wp-content\/uploads\/2024\/02\/1024X1024_Blog-removebg-preview.png\" class=\"attachment-large size-large wp-image-2847\" alt=\"\" srcset=\"https:\/\/www.leonleds.com\/blog\/wp-content\/uploads\/2024\/02\/1024X1024_Blog-removebg-preview.png 500w, https:\/\/www.leonleds.com\/blog\/wp-content\/uploads\/2024\/02\/1024X1024_Blog-removebg-preview-300x300.png 300w, https:\/\/www.leonleds.com\/blog\/wp-content\/uploads\/2024\/02\/1024X1024_Blog-removebg-preview-150x150.png 150w\" sizes=\"(max-width: 500px) 100vw, 500px\" \/>\t\t\t\t\t\t\t\t<\/a>\n\t\t\t\t\t\t\t\t\t\t\t\t\t\t\t<\/div>\n\t\t\t\t<\/div>\n\t\t\t\t\t<\/div>\n\t\t<\/div>\n\t\t\t\t\t<\/div>\n\t\t<\/section>\n\t\t\t\t<section class=\"elementor-section elementor-top-section elementor-element elementor-element-f9c27db elementor-section-boxed elementor-section-height-default elementor-section-height-default\" data-id=\"f9c27db\" data-element_type=\"section\" data-e-type=\"section\">\n\t\t\t\t\t\t<div class=\"elementor-container elementor-column-gap-default\">\n\t\t\t\t\t<div class=\"elementor-column elementor-col-100 elementor-top-column elementor-element elementor-element-909808b\" data-id=\"909808b\" data-element_type=\"column\" data-e-type=\"column\">\n\t\t\t<div class=\"elementor-widget-wrap elementor-element-populated\">\n\t\t\t\t\t\t<div class=\"elementor-element elementor-element-83c7c5d elementor-widget elementor-widget-spacer\" data-id=\"83c7c5d\" data-element_type=\"widget\" data-e-type=\"widget\" data-widget_type=\"spacer.default\">\n\t\t\t\t<div class=\"elementor-widget-container\">\n\t\t\t\t\t\t\t<div class=\"elementor-spacer\">\n\t\t\t<div class=\"elementor-spacer-inner\"><\/div>\n\t\t<\/div>\n\t\t\t\t\t\t<\/div>\n\t\t\t\t<\/div>\n\t\t\t\t<div class=\"elementor-element elementor-element-8f5d633 elementor-widget elementor-widget-text-editor\" data-id=\"8f5d633\" data-element_type=\"widget\" data-e-type=\"widget\" data-widget_type=\"text-editor.default\">\n\t\t\t\t<div class=\"elementor-widget-container\">\n\t\t\t\t\t\t\t\t\t<div><div><p style=\"text-align: center;\"><strong>Este modo invierno facilita la redistribuci\u00f3n del aire caliente, mejorando la sensaci\u00f3n t\u00e9rmica de la estancia.<\/strong> Adem\u00e1s, apenas notar\u00e1s la brisa del ventilador, disfrutando as\u00ed de un mayor confort t\u00e9rmico. Los ventiladores exclusivos para el verano quedaron en el pasado.<\/p><\/div><\/div>\t\t\t\t\t\t\t\t<\/div>\n\t\t\t\t<\/div>\n\t\t\t\t\t<\/div>\n\t\t<\/div>\n\t\t\t\t\t<\/div>\n\t\t<\/section>\n\t\t\t\t<section class=\"elementor-section elementor-top-section elementor-element elementor-element-71eb707b elementor-section-boxed elementor-section-height-default elementor-section-height-default\" data-id=\"71eb707b\" data-element_type=\"section\" data-e-type=\"section\">\n\t\t\t\t\t\t<div class=\"elementor-container elementor-column-gap-default\">\n\t\t\t\t\t<div class=\"elementor-column elementor-col-100 elementor-top-column elementor-element elementor-element-2c3e45cb\" data-id=\"2c3e45cb\" data-element_type=\"column\" data-e-type=\"column\">\n\t\t\t<div class=\"elementor-widget-wrap elementor-element-populated\">\n\t\t\t\t\t\t<div class=\"elementor-element elementor-element-238c8ffa elementor-widget elementor-widget-text-editor\" data-id=\"238c8ffa\" data-element_type=\"widget\" data-e-type=\"widget\" data-widget_type=\"text-editor.default\">\n\t\t\t\t<div class=\"elementor-widget-container\">\n\t\t\t\t\t\t\t\t\t<p style=\"text-align: left;\">En conclusi\u00f3n, <strong>elegir el ventilador de techo adecuado<\/strong> con funci\u00f3n inversa <strong>puede marcar la diferencia en tu comodidad<\/strong> durante todo el a\u00f1o. Si necesitas asesoramiento adicional, no dudes en <a href=\"https:\/\/www.leonleds.com\/es\/contactenos\">ponerte en contacto<\/a> con nuestro equipo de profesionales. Estamos aqu\u00ed para resolver todas tus dudas y ayudarte a encontrar la opci\u00f3n perfecta que se adapte a tus necesidades y preferencias.<\/p>\t\t\t\t\t\t\t\t<\/div>\n\t\t\t\t<\/div>\n\t\t\t\t\t<\/div>\n\t\t<\/div>\n\t\t\t\t\t<\/div>\n\t\t<\/section>\n\t\t\t\t<\/div>\n\t\t","protected":false},"excerpt":{"rendered":"<p>\u00bfNo ser\u00eda incre\u00edble contar con un \u00fanico dispositivo que nos refresque en verano y nos proporcione calidez en invierno? \u00a1Pues bien, esto ya es posible gracias a los ventiladores de techo con funci\u00f3n inversa! \u00bfA\u00fan no conoces esta funci\u00f3n? En este post te explicaremos las ventajas de los ventiladores de techo que la incorporan. \u00bfQu\u00e9 &#8230; <a title=\"Qu\u00e9 es la funci\u00f3n inversa en ventiladores de techo\" class=\"read-more\" href=\"https:\/\/www.leonleds.com\/blog\/que-es-la-funcion-inversa-en-ventiladores-de-techo\/\" aria-label=\"Leer m\u00e1s sobre Qu\u00e9 es la funci\u00f3n inversa en ventiladores de techo\">Leer m\u00e1s<\/a><\/p>\n","protected":false},"author":1,"featured_media":2857,"comment_status":"open","ping_status":"open","sticky":false,"template":"","format":"standard","meta":{"footnotes":""},"categories":[11],"tags":[118,249,299,300,306,307,309,310],"class_list":["post-2837","post","type-post","status-publish","format-standard","has-post-thumbnail","hentry","category-ventiladores","tag-funcion-inversa","tag-modo-invierno","tag-ventilador-control-voz","tag-ventilador-de-techo","tag-ventiladores","tag-ventiladores-de-techo","tag-ventiladores-led","tag-ventiladores-led-de-techo"],"_links":{"self":[{"href":"https:\/\/www.leonleds.com\/blog\/wp-json\/wp\/v2\/posts\/2837","targetHints":{"allow":["GET"]}}],"collection":[{"href":"https:\/\/www.leonleds.com\/blog\/wp-json\/wp\/v2\/posts"}],"about":[{"href":"https:\/\/www.leonleds.com\/blog\/wp-json\/wp\/v2\/types\/post"}],"author":[{"embeddable":true,"href":"https:\/\/www.leonleds.com\/blog\/wp-json\/wp\/v2\/users\/1"}],"replies":[{"embeddable":true,"href":"https:\/\/www.leonleds.com\/blog\/wp-json\/wp\/v2\/comments?post=2837"}],"version-history":[{"count":0,"href":"https:\/\/www.leonleds.com\/blog\/wp-json\/wp\/v2\/posts\/2837\/revisions"}],"wp:featuredmedia":[{"embeddable":true,"href":"https:\/\/www.leonleds.com\/blog\/wp-json\/wp\/v2\/media\/2857"}],"wp:attachment":[{"href":"https:\/\/www.leonleds.com\/blog\/wp-json\/wp\/v2\/media?parent=2837"}],"wp:term":[{"taxonomy":"category","embeddable":true,"href":"https:\/\/www.leonleds.com\/blog\/wp-json\/wp\/v2\/categories?post=2837"},{"taxonomy":"post_tag","embeddable":true,"href":"https:\/\/www.leonleds.com\/blog\/wp-json\/wp\/v2\/tags?post=2837"}],"curies":[{"name":"wp","href":"https:\/\/api.w.org\/{rel}","templated":true}]}}