{"id":4377,"date":"2025-03-06T13:00:00","date_gmt":"2025-03-06T12:00:00","guid":{"rendered":"https:\/\/www.leonleds.com\/blog\/?p=4377"},"modified":"2025-08-05T12:24:15","modified_gmt":"2025-08-05T10:24:15","slug":"lamparas-estilo-japandi","status":"publish","type":"post","link":"https:\/\/www.leonleds.com\/blog\/lamparas-estilo-japandi\/","title":{"rendered":"L\u00e1mparas estilo Japandi"},"content":{"rendered":"\t\t<div data-elementor-type=\"wp-post\" data-elementor-id=\"4377\" class=\"elementor elementor-4377\">\n\t\t\t\t\t\t<section class=\"elementor-section elementor-top-section elementor-element elementor-element-5c5b6441 elementor-section-boxed elementor-section-height-default elementor-section-height-default\" data-id=\"5c5b6441\" data-element_type=\"section\" data-e-type=\"section\">\n\t\t\t\t\t\t<div class=\"elementor-container elementor-column-gap-default\">\n\t\t\t\t\t\t<\/div>\n\t\t<\/section>\n\t\t\t\t<section class=\"elementor-section elementor-top-section elementor-element elementor-element-6500d290 elementor-section-boxed elementor-section-height-default elementor-section-height-default\" data-id=\"6500d290\" data-element_type=\"section\" data-e-type=\"section\">\n\t\t\t\t\t\t<div class=\"elementor-container elementor-column-gap-default\">\n\t\t\t\t\t<div class=\"elementor-column elementor-col-100 elementor-top-column elementor-element elementor-element-59ea870a\" data-id=\"59ea870a\" data-element_type=\"column\" data-e-type=\"column\">\n\t\t\t<div class=\"elementor-widget-wrap elementor-element-populated\">\n\t\t\t\t\t\t<div class=\"elementor-element elementor-element-32f1fc49 elementor-widget elementor-widget-text-editor\" data-id=\"32f1fc49\" data-element_type=\"widget\" data-e-type=\"widget\" data-widget_type=\"text-editor.default\">\n\t\t\t\t<div class=\"elementor-widget-container\">\n\t\t\t\t\t\t\t\t\t<div><div style=\"line-height: 1.4; direction: ltr; margin-left: 0px;\"><p><span style=\"font-size: 16px; color: #222222; letter-spacing: 0em;\">El <\/span><span style=\"font-size: 16px; font-weight: bold; color: #222222; letter-spacing: 0em;\">estilo Japandi<\/span><span style=\"font-size: 16px; color: #222222; letter-spacing: 0em;\"> es una fusi\u00f3n perfecta entre el dise\u00f1o <\/span><span style=\"font-size: 16px; font-weight: bold; color: #222222; letter-spacing: 0em;\">japon\u00e9s<\/span><span style=\"font-size: 16px; color: #222222; letter-spacing: 0em;\"> y el <\/span><span style=\"font-size: 16px; font-weight: bold; color: #222222; letter-spacing: 0em;\">escandinavo<\/span><span style=\"font-size: 16px; color: #222222; letter-spacing: 0em;\">, dos corrientes que comparten una profunda admiraci\u00f3n por la simplicidad, la funcionalidad y la conexi\u00f3n con la naturaleza. El estilo japon\u00e9s, influenciado por el minimalismo y el concepto de <\/span><span style=\"font-size: 16px; font-weight: bold; color: #222222; letter-spacing: 0em;\">wabi-sabi<\/span><span style=\"font-size: 16px; color: #222222; letter-spacing: 0em;\"> (la belleza de la imperfecci\u00f3n), se mezcla con la calidez y la comodidad del dise\u00f1o n\u00f3rdico, creando espacios serenos, organizados y acogedores.<\/span><\/p><p>A continuaci\u00f3n, exploraremos las principales caracter\u00edsticas de las l\u00e1mparas estilo Japandi, desde su dise\u00f1o y materiales hasta la iluminaci\u00f3n que generan, para ayudarte a encontrar la opci\u00f3n perfecta para tu hogar.<\/p><\/div><\/div>\t\t\t\t\t\t\t\t<\/div>\n\t\t\t\t<\/div>\n\t\t\t\t\t<\/div>\n\t\t<\/div>\n\t\t\t\t\t<\/div>\n\t\t<\/section>\n\t\t\t\t<section class=\"elementor-section elementor-top-section elementor-element elementor-element-73b90895 elementor-section-boxed elementor-section-height-default elementor-section-height-default\" data-id=\"73b90895\" data-element_type=\"section\" data-e-type=\"section\">\n\t\t\t\t\t\t<div class=\"elementor-container elementor-column-gap-default\">\n\t\t\t\t\t<div class=\"elementor-column elementor-col-100 elementor-top-column elementor-element elementor-element-e108f18\" data-id=\"e108f18\" data-element_type=\"column\" data-e-type=\"column\">\n\t\t\t<div class=\"elementor-widget-wrap elementor-element-populated\">\n\t\t\t\t\t\t<div class=\"elementor-element elementor-element-4382bac0 elementor-widget elementor-widget-text-editor\" data-id=\"4382bac0\" data-element_type=\"widget\" data-e-type=\"widget\" data-widget_type=\"text-editor.default\">\n\t\t\t\t<div class=\"elementor-widget-container\">\n\t\t\t\t\t\t\t\t\t<div>\n<div>\n<h4><b>Dise\u00f1o&nbsp;<\/b><\/h4>\n<\/div>\n<div>\n<div>\n<div style=\"line-height: 1.4; direction: ltr; margin-left: 0px;\">\n<p><span style=\"font-size: 16px; color: #222222; letter-spacing: 0em;\">Las l\u00e1mparas Japandi tienen un <\/span><span style=\"font-size: 16px; font-weight: bold; color: #222222; letter-spacing: 0em;\">dise\u00f1o minimalista<\/span><span style=\"font-size: 16px; color: #222222; letter-spacing: 0em;\">, con l\u00edneas limpias y formas sencillas. Este estilo rechaza el exceso y la complejidad, buscando en cambio una est\u00e9tica ordenada y tranquila. Las formas pueden ser <\/span><span style=\"font-size: 16px; font-weight: bold; color: #222222; letter-spacing: 0em;\">geom\u00e9tricas o org\u00e1nicas<\/span><span style=\"font-size: 16px; color: #222222; letter-spacing: 0em;\">, evocando elementos naturales sin sobrecargar el ambiente. Adem\u00e1s, el dise\u00f1o de estas l\u00e1mparas se adapta a cualquier espacio, equilibrando funcionalidad con belleza para complementar tanto interiores modernos como m\u00e1s tradicionales.<\/span><\/p>\n<\/div>\n<\/div>\n<\/div>\n<\/div>\t\t\t\t\t\t\t\t<\/div>\n\t\t\t\t<\/div>\n\t\t\t\t\t<\/div>\n\t\t<\/div>\n\t\t\t\t\t<\/div>\n\t\t<\/section>\n\t\t\t\t<section class=\"elementor-section elementor-top-section elementor-element elementor-element-dd0dae2 elementor-section-boxed elementor-section-height-default elementor-section-height-default\" data-id=\"dd0dae2\" data-element_type=\"section\" data-e-type=\"section\">\n\t\t\t\t\t\t<div class=\"elementor-container elementor-column-gap-custom\">\n\t\t\t\t\t<div class=\"elementor-column elementor-col-33 elementor-top-column elementor-element elementor-element-670d0158\" data-id=\"670d0158\" data-element_type=\"column\" data-e-type=\"column\">\n\t\t\t<div class=\"elementor-widget-wrap elementor-element-populated\">\n\t\t\t\t\t\t<div class=\"elementor-element elementor-element-4751192d elementor-widget elementor-widget-image\" data-id=\"4751192d\" data-element_type=\"widget\" data-e-type=\"widget\" data-widget_type=\"image.default\">\n\t\t\t\t<div class=\"elementor-widget-container\">\n\t\t\t\t\t\t\t\t\t\t\t\t\t\t\t\t<a href=\"https:\/\/www.leonleds.com\/es\/lampara-de-pie-belgrave-con-3-patas-pantalla-de-papel-blanco-y-estructura-de-acero-negro-e27.html#\/54-color-blanco\">\n\t\t\t\t\t\t\t<img fetchpriority=\"high\" decoding=\"async\" width=\"1024\" height=\"1024\" src=\"https:\/\/www.leonleds.com\/blog\/wp-content\/uploads\/2025\/03\/lampara-BELGRAVE.jpg\" class=\"attachment-large size-large wp-image-4380\" alt=\"\" srcset=\"https:\/\/www.leonleds.com\/blog\/wp-content\/uploads\/2025\/03\/lampara-BELGRAVE.jpg 1024w, https:\/\/www.leonleds.com\/blog\/wp-content\/uploads\/2025\/03\/lampara-BELGRAVE-300x300.jpg 300w, https:\/\/www.leonleds.com\/blog\/wp-content\/uploads\/2025\/03\/lampara-BELGRAVE-150x150.jpg 150w, https:\/\/www.leonleds.com\/blog\/wp-content\/uploads\/2025\/03\/lampara-BELGRAVE-768x768.jpg 768w\" sizes=\"(max-width: 1024px) 100vw, 1024px\" \/>\t\t\t\t\t\t\t\t<\/a>\n\t\t\t\t\t\t\t\t\t\t\t\t\t\t\t<\/div>\n\t\t\t\t<\/div>\n\t\t\t\t\t<\/div>\n\t\t<\/div>\n\t\t\t\t<div class=\"elementor-column elementor-col-33 elementor-top-column elementor-element elementor-element-5fbc6070\" data-id=\"5fbc6070\" data-element_type=\"column\" data-e-type=\"column\">\n\t\t\t<div class=\"elementor-widget-wrap elementor-element-populated\">\n\t\t\t\t\t\t<div class=\"elementor-element elementor-element-3343a9d9 elementor-widget elementor-widget-image\" data-id=\"3343a9d9\" data-element_type=\"widget\" data-e-type=\"widget\" data-widget_type=\"image.default\">\n\t\t\t\t<div class=\"elementor-widget-container\">\n\t\t\t\t\t\t\t\t\t\t\t\t\t\t\t\t<a href=\"https:\/\/www.leonleds.com\/es\/lampara-de-sobremesa-madera-clara-asby-con-interruptor-en-el-cable-e27-o85mm.html#\/698-color-madera_clara\">\n\t\t\t\t\t\t\t<img decoding=\"async\" width=\"1024\" height=\"1024\" src=\"https:\/\/www.leonleds.com\/blog\/wp-content\/uploads\/2025\/03\/lampara-ASBY.jpg\" class=\"attachment-large size-large wp-image-4379\" alt=\"\" srcset=\"https:\/\/www.leonleds.com\/blog\/wp-content\/uploads\/2025\/03\/lampara-ASBY.jpg 1024w, https:\/\/www.leonleds.com\/blog\/wp-content\/uploads\/2025\/03\/lampara-ASBY-300x300.jpg 300w, https:\/\/www.leonleds.com\/blog\/wp-content\/uploads\/2025\/03\/lampara-ASBY-150x150.jpg 150w, https:\/\/www.leonleds.com\/blog\/wp-content\/uploads\/2025\/03\/lampara-ASBY-768x768.jpg 768w\" sizes=\"(max-width: 1024px) 100vw, 1024px\" \/>\t\t\t\t\t\t\t\t<\/a>\n\t\t\t\t\t\t\t\t\t\t\t\t\t\t\t<\/div>\n\t\t\t\t<\/div>\n\t\t\t\t\t<\/div>\n\t\t<\/div>\n\t\t\t\t<div class=\"elementor-column elementor-col-33 elementor-top-column elementor-element elementor-element-761d109\" data-id=\"761d109\" data-element_type=\"column\" data-e-type=\"column\">\n\t\t\t<div class=\"elementor-widget-wrap elementor-element-populated\">\n\t\t\t\t\t\t<div class=\"elementor-element elementor-element-4156304a elementor-widget elementor-widget-image\" data-id=\"4156304a\" data-element_type=\"widget\" data-e-type=\"widget\" data-widget_type=\"image.default\">\n\t\t\t\t<div class=\"elementor-widget-container\">\n\t\t\t\t\t\t\t\t\t\t\t\t\t\t\t\t<a href=\"https:\/\/www.leonleds.com\/es\/lampara-colgante-dolwen-negra-o425cm-e27-con-pantalla-textil-y-acero.html#\/35-color-negro\">\n\t\t\t\t\t\t\t<img decoding=\"async\" width=\"1024\" height=\"1024\" src=\"https:\/\/www.leonleds.com\/blog\/wp-content\/uploads\/2025\/03\/lampara-de-techo-BELGRAVE.jpg\" class=\"attachment-large size-large wp-image-4384\" alt=\"\" srcset=\"https:\/\/www.leonleds.com\/blog\/wp-content\/uploads\/2025\/03\/lampara-de-techo-BELGRAVE.jpg 1024w, https:\/\/www.leonleds.com\/blog\/wp-content\/uploads\/2025\/03\/lampara-de-techo-BELGRAVE-300x300.jpg 300w, https:\/\/www.leonleds.com\/blog\/wp-content\/uploads\/2025\/03\/lampara-de-techo-BELGRAVE-150x150.jpg 150w, https:\/\/www.leonleds.com\/blog\/wp-content\/uploads\/2025\/03\/lampara-de-techo-BELGRAVE-768x768.jpg 768w\" sizes=\"(max-width: 1024px) 100vw, 1024px\" \/>\t\t\t\t\t\t\t\t<\/a>\n\t\t\t\t\t\t\t\t\t\t\t\t\t\t\t<\/div>\n\t\t\t\t<\/div>\n\t\t\t\t\t<\/div>\n\t\t<\/div>\n\t\t\t\t\t<\/div>\n\t\t<\/section>\n\t\t\t\t<section class=\"elementor-section elementor-top-section elementor-element elementor-element-80313c5 elementor-section-boxed elementor-section-height-default elementor-section-height-default\" data-id=\"80313c5\" data-element_type=\"section\" data-e-type=\"section\">\n\t\t\t\t\t\t<div class=\"elementor-container elementor-column-gap-default\">\n\t\t\t\t\t<div class=\"elementor-column elementor-col-100 elementor-top-column elementor-element elementor-element-75e237d\" data-id=\"75e237d\" data-element_type=\"column\" data-e-type=\"column\">\n\t\t\t<div class=\"elementor-widget-wrap elementor-element-populated\">\n\t\t\t\t\t\t<div class=\"elementor-element elementor-element-a71452a elementor-widget elementor-widget-text-editor\" data-id=\"a71452a\" data-element_type=\"widget\" data-e-type=\"widget\" data-widget_type=\"text-editor.default\">\n\t\t\t\t<div class=\"elementor-widget-container\">\n\t\t\t\t\t\t\t\t\t<div>\n<div>\n<h4><b>Materiales<\/b><\/h4><\/div><div><div><span data-canva-clipboard=\"ewAiAGEAIgA6ADUALAAiAGgAIgA6ACIAdwB3AHcALgBjAGEAbgB2AGEALgBjAG8AbQAiACwAIgBjACIAOgAiAEQAQQBHAGgAYQBwAGgAcgBSAFQAbwAiACwAIgBpACIAOgAiAC0AbAAwAHoAcQB2ADYAZgBNAF8AMwAyAGQAYgBzAEkAcQBpAGcAUgBtAEEAIgAsACIAYgAiADoAMQA3ADQAMQA2ADkAMAAwADAANgA0ADkAMgAsACIAQQA\/ACIAOgAiAEUAIgAsACIAQQAiADoAewAiAEEAIgA6AFsAewAiAEEAIgA6AHsAIgBBAD8AIgA6ACIAQQAiACwAIgBBACIAOgAiAEUAbAAgAHUAcwBvACAAZABlACAAIgB9ACwAIgBCACIAOgB7ACIAQQAiADoAIgBZAEEARgBkAHQAUQBpADcAMwBYAHMALAAwACIALAAiAEIAIgA6ACIAMQA2AC4AMAA1ADMANABwAHgAIgAsACIARQAiADoAIgAjADIAMgAyADIAMgAyACIALAAiAEEAPwAiADoAIgBCAF8AIgB9AH0ALAB7ACIAQQAiADoAewAiAEEAPwAiADoAIgBBACIALAAiAEEAIgA6ACIAbQBhAHQAZQByAGkAYQBsAGUAcwAgAG4AYQB0AHUAcgBhAGwAZQBzACIAfQAsACIAQgAiADoAewAiAEMAIgA6ACIAYgBvAGwAZAAiACwAIgBBAD8AIgA6ACIAQgBfACIAfQB9ACwAewAiAEEAIgA6AHsAIgBBAD8AIgA6ACIAQQAiACwAIgBBACIAOgAiACAAZQBzACAAdQBuAGEAIABkAGUAIABsAGEAcwAgAGMAYQByAGEAYwB0AGUAcgDtAHMAdABpAGMAYQBzACAAZABpAHMAdABpAG4AdABpAHYAYQBzACAAZABlACAAZQBzAHQAZQAgAHAAYQByAHQAaQBjAHUAbABhAHIAIABlAHMAdABpAGwAbwAgAGoAYQBwAG8AbgDpAHMALgAgAEwAYQBzACAAYgBhAHMAZQBzACAAZABlACAAbABhAHMAIABsAOEAbQBwAGEAcgBhAHMAIABzAHUAZQBsAGUAbgAgAHMAZQByACAAZABlACAAIgB9ACwAIgBDACIAOgB7ACIAQwAiADoAdAByAHUAZQAsACIAQQA\/ACIAOgAiAEIAXwAiAH0AfQAsAHsAIgBBACIAOgB7ACIAQQA\/ACIAOgAiAEEAIgAsACIAQQAiADoAIgBtAGEAZABlAHIAYQAgAGMAbABhAHIAYQAiAH0ALAAiAEIAIgA6AHsAIgBDACIAOgAiAGIAbwBsAGQAIgAsACIAQQA\/ACIAOgAiAEIAXwAiAH0AfQAsAHsAIgBBACIAOgB7ACIAQQA\/ACIAOgAiAEEAIgAsACIAQQAiADoAIgAsACAAcQB1AGUAIABhAHAAbwByAHQAYQAgAHUAbgBhACAAcwBlAG4AcwBhAGMAaQDzAG4AIABkAGUAIABjAGEAbABpAGQAZQB6ACwAIABtAGkAZQBuAHQAcgBhAHMAIABxAHUAZQAgAGwAYQBzACAAcABhAG4AdABhAGwAbABhAHMAIABzAGUAIABwAHUAZQBkAGUAbgAgAGgAYQBjAGUAcgAgAGQAZQAgACIAfQAsACIAQwAiADoAewAiAEMAIgA6AHQAcgB1AGUALAAiAEEAPwAiADoAIgBCAF8AIgB9AH0ALAB7ACIAQQAiADoAewAiAEEAPwAiADoAIgBBACIALAAiAEEAIgA6ACIAYwBlAHIA4QBtAGkAYwBhACIAfQAsACIAQgAiADoAewAiAEMAIgA6ACIAYgBvAGwAZAAiACwAIgBBAD8AIgA6ACIAQgBfACIAfQB9ACwAewAiAEEAIgA6AHsAIgBBAD8AIgA6ACIAQQAiACwAIgBBACIAOgAiACwAIAAiAH0ALAAiAEMAIgA6AHsAIgBDACIAOgB0AHIAdQBlACwAIgBBAD8AIgA6ACIAQgBfACIAfQB9ACwAewAiAEEAIgA6AHsAIgBBAD8AIgA6ACIAQQAiACwAIgBBACIAOgAiAHAAYQBwAGUAbAAgAGQAZQAgAGEAcgByAG8AegAiAH0ALAAiAEIAIgA6AHsAIgBDACIAOgAiAGIAbwBsAGQAIgAsACIAQQA\/ACIAOgAiAEIAXwAiAH0AfQAsAHsAIgBBACIAOgB7ACIAQQA\/ACIAOgAiAEEAIgAsACIAQQAiADoAIgAgAG8AIAAiAH0ALAAiAEMAIgA6AHsAIgBDACIAOgB0AHIAdQBlACwAIgBBAD8AIgA6ACIAQgBfACIAfQB9ACwAewAiAEEAIgA6AHsAIgBBAD8AIgA6ACIAQQAiACwAIgBBACIAOgAiAHQAZQB4AHQAaQBsAGUAcwAiAH0ALAAiAEIAIgA6AHsAIgBDACIAOgAiAGIAbwBsAGQAIgAsACIAQQA\/ACIAOgAiAEIAXwAiAH0AfQAsAHsAIgBBACIAOgB7ACIAQQA\/ACIAOgAiAEEAIgAsACIAQQAiADoAIgAgAGMAbwBtAG8AIABsAGkAbgBvACAAeQAgAGEAbABnAG8AZADzAG4ALgAgAEUAcwB0AG8AcwAgAG0AYQB0AGUAcgBpAGEAbABlAHMAIABuAG8AIABzAG8AbABvACAAYQDxAGEAZABlAG4AIAB1AG4AIAB0AG8AcQB1AGUAIABkAGUAIABuAGEAdAB1AHIAYQBsAGkAZABhAGQAIAB5ACAAZgByAGUAcwBjAHUAcgBhACAAYQBsACAAZQBuAHQAbwByAG4AbwAsACAAcwBpAG4AbwAgAHEAdQBlACAAdABhAG0AYgBpAOkAbgAgAHAAZQByAG0AaQB0AGUAbgAgAHEAdQBlACAAbABhACAAbAB1AHoAIABzAGUAIABkAGkAZgB1AG4AZABhACAAZABlACAAbQBhAG4AZQByAGEAIABzAHUAYQB2AGUAIAB5ACAAdQBuAGkAZgBvAHIAbQBlACwAIABjAG8AbgB0AHIAaQBiAHUAeQBlAG4AZABvACAAYQAgAGwAYQAgAGEAdABtAPMAcwBmAGUAcgBhACAAcgBlAGwAYQBqAGEAbgB0AGUAIABkAGUAbAAgAGUAcwB0AGkAbABvAC4AIgB9ACwAIgBDACIAOgB7ACIAQwAiADoAdAByAHUAZQAsACIAQQA\/ACIAOgAiAEIAXwAiAH0AfQBdAH0AfQA=\"><\/span><div style=\"line-height: 1.4; direction: ltr; margin-left: 0px;\"><p><span style=\"font-size: 16.0534px; color: rgb(34, 34, 34); letter-spacing: 0em;\">El uso de <\/span><span style=\"font-size: 16.0534px; font-weight: 700; color: rgb(34, 34, 34); letter-spacing: 0em;\">materiales naturales<\/span><span style=\"font-size: 16.0534px; color: rgb(34, 34, 34); letter-spacing: 0em;\"> es una de las caracter\u00edsticas distintivas de este particular estilo japon\u00e9s. Las bases de las l\u00e1mparas suelen ser de <\/span><span style=\"font-size: 16.0534px; font-weight: 700; color: rgb(34, 34, 34); letter-spacing: 0em;\">madera clara<\/span><span style=\"font-size: 16.0534px; color: rgb(34, 34, 34); letter-spacing: 0em;\">, que aporta una sensaci\u00f3n de calidez, mientras que las pantallas se pueden hacer de <\/span><span style=\"font-size: 16.0534px; font-weight: 700; color: rgb(34, 34, 34); letter-spacing: 0em;\">cer\u00e1mica<\/span><span style=\"font-size: 16.0534px; color: rgb(34, 34, 34); letter-spacing: 0em;\">, <\/span><span style=\"font-size: 16.0534px; font-weight: 700; color: rgb(34, 34, 34); letter-spacing: 0em;\">papel de arroz<\/span><span style=\"font-size: 16.0534px; color: rgb(34, 34, 34); letter-spacing: 0em;\"> o <\/span><span style=\"font-size: 16.0534px; font-weight: 700; color: rgb(34, 34, 34); letter-spacing: 0em;\">textiles<\/span><span style=\"font-size: 16.0534px; color: rgb(34, 34, 34); letter-spacing: 0em;\"> como lino y algod\u00f3n. Estos materiales no solo a\u00f1aden un toque de naturalidad y frescura al entorno, sino que tambi\u00e9n permiten que la luz se difunda de manera suave y uniforme, contribuyendo a la atm\u00f3sfera relajante del estilo.<\/span><\/p><\/div><\/div><\/div>\n<\/div>\t\t\t\t\t\t\t\t<\/div>\n\t\t\t\t<\/div>\n\t\t\t\t\t<\/div>\n\t\t<\/div>\n\t\t\t\t\t<\/div>\n\t\t<\/section>\n\t\t\t\t<section class=\"elementor-section elementor-top-section elementor-element elementor-element-55930556 elementor-section-boxed elementor-section-height-default elementor-section-height-default\" data-id=\"55930556\" data-element_type=\"section\" data-e-type=\"section\">\n\t\t\t\t\t\t<div class=\"elementor-container elementor-column-gap-custom\">\n\t\t\t\t\t<div class=\"elementor-column elementor-col-33 elementor-top-column elementor-element elementor-element-103e45ff\" data-id=\"103e45ff\" data-element_type=\"column\" data-e-type=\"column\">\n\t\t\t<div class=\"elementor-widget-wrap elementor-element-populated\">\n\t\t\t\t\t\t<div class=\"elementor-element elementor-element-74aa559a elementor-widget elementor-widget-image\" data-id=\"74aa559a\" data-element_type=\"widget\" data-e-type=\"widget\" data-widget_type=\"image.default\">\n\t\t\t\t<div class=\"elementor-widget-container\">\n\t\t\t\t\t\t\t\t\t\t\t\t\t\t\t\t<a href=\"https:\/\/www.leonleds.com\/es\/lampara-de-mesa-belgrave-con-pantalla-de-papel-blanco-y-estructura-de-acero-e27.html#\/54-color-blanco\">\n\t\t\t\t\t\t\t<img loading=\"lazy\" decoding=\"async\" width=\"1024\" height=\"1024\" src=\"https:\/\/www.leonleds.com\/blog\/wp-content\/uploads\/2025\/03\/lampara-de-sobremesa-BELGRAVE.jpg\" class=\"attachment-large size-large wp-image-4382\" alt=\"\" srcset=\"https:\/\/www.leonleds.com\/blog\/wp-content\/uploads\/2025\/03\/lampara-de-sobremesa-BELGRAVE.jpg 1024w, https:\/\/www.leonleds.com\/blog\/wp-content\/uploads\/2025\/03\/lampara-de-sobremesa-BELGRAVE-300x300.jpg 300w, https:\/\/www.leonleds.com\/blog\/wp-content\/uploads\/2025\/03\/lampara-de-sobremesa-BELGRAVE-150x150.jpg 150w, https:\/\/www.leonleds.com\/blog\/wp-content\/uploads\/2025\/03\/lampara-de-sobremesa-BELGRAVE-768x768.jpg 768w\" sizes=\"(max-width: 1024px) 100vw, 1024px\" \/>\t\t\t\t\t\t\t\t<\/a>\n\t\t\t\t\t\t\t\t\t\t\t\t\t\t\t<\/div>\n\t\t\t\t<\/div>\n\t\t\t\t\t<\/div>\n\t\t<\/div>\n\t\t\t\t<div class=\"elementor-column elementor-col-33 elementor-top-column elementor-element elementor-element-40ab3d5e\" data-id=\"40ab3d5e\" data-element_type=\"column\" data-e-type=\"column\">\n\t\t\t<div class=\"elementor-widget-wrap elementor-element-populated\">\n\t\t\t\t\t\t<div class=\"elementor-element elementor-element-eb3ed33 elementor-widget elementor-widget-image\" data-id=\"eb3ed33\" data-element_type=\"widget\" data-e-type=\"widget\" data-widget_type=\"image.default\">\n\t\t\t\t<div class=\"elementor-widget-container\">\n\t\t\t\t\t\t\t\t\t\t\t\t\t\t\t\t<a href=\"https:\/\/www.leonleds.com\/es\/lampara-de-techo-japanese-podere-con-pantalla-arena-de-metal-conico-con-ondas-e27.html#\/408-color-arena\">\n\t\t\t\t\t\t\t<img loading=\"lazy\" decoding=\"async\" width=\"1024\" height=\"1024\" src=\"https:\/\/www.leonleds.com\/blog\/wp-content\/uploads\/2025\/03\/lampara-PODERE.jpg\" class=\"attachment-large size-large wp-image-4389\" alt=\"\" srcset=\"https:\/\/www.leonleds.com\/blog\/wp-content\/uploads\/2025\/03\/lampara-PODERE.jpg 1024w, https:\/\/www.leonleds.com\/blog\/wp-content\/uploads\/2025\/03\/lampara-PODERE-300x300.jpg 300w, https:\/\/www.leonleds.com\/blog\/wp-content\/uploads\/2025\/03\/lampara-PODERE-150x150.jpg 150w, https:\/\/www.leonleds.com\/blog\/wp-content\/uploads\/2025\/03\/lampara-PODERE-768x768.jpg 768w\" sizes=\"(max-width: 1024px) 100vw, 1024px\" \/>\t\t\t\t\t\t\t\t<\/a>\n\t\t\t\t\t\t\t\t\t\t\t\t\t\t\t<\/div>\n\t\t\t\t<\/div>\n\t\t\t\t\t<\/div>\n\t\t<\/div>\n\t\t\t\t<div class=\"elementor-column elementor-col-33 elementor-top-column elementor-element elementor-element-671e5678\" data-id=\"671e5678\" data-element_type=\"column\" data-e-type=\"column\">\n\t\t\t<div class=\"elementor-widget-wrap elementor-element-populated\">\n\t\t\t\t\t\t<div class=\"elementor-element elementor-element-568c7190 elementor-widget elementor-widget-image\" data-id=\"568c7190\" data-element_type=\"widget\" data-e-type=\"widget\" data-widget_type=\"image.default\">\n\t\t\t\t<div class=\"elementor-widget-container\">\n\t\t\t\t\t\t\t\t\t\t\t\t\t\t\t\t<a href=\"https:\/\/www.leonleds.com\/es\/lampara-colgante-triple-belgrave-con-pantallas-de-papel-blanco-y-estructura-de-acero-3xe27.html#\/54-color-blanco\">\n\t\t\t\t\t\t\t<img loading=\"lazy\" decoding=\"async\" width=\"1024\" height=\"1024\" src=\"https:\/\/www.leonleds.com\/blog\/wp-content\/uploads\/2025\/03\/lampara-de-techo-BELGRAVE-2.jpg\" class=\"attachment-large size-large wp-image-4383\" alt=\"\" srcset=\"https:\/\/www.leonleds.com\/blog\/wp-content\/uploads\/2025\/03\/lampara-de-techo-BELGRAVE-2.jpg 1024w, https:\/\/www.leonleds.com\/blog\/wp-content\/uploads\/2025\/03\/lampara-de-techo-BELGRAVE-2-300x300.jpg 300w, https:\/\/www.leonleds.com\/blog\/wp-content\/uploads\/2025\/03\/lampara-de-techo-BELGRAVE-2-150x150.jpg 150w, https:\/\/www.leonleds.com\/blog\/wp-content\/uploads\/2025\/03\/lampara-de-techo-BELGRAVE-2-768x768.jpg 768w\" sizes=\"(max-width: 1024px) 100vw, 1024px\" \/>\t\t\t\t\t\t\t\t<\/a>\n\t\t\t\t\t\t\t\t\t\t\t\t\t\t\t<\/div>\n\t\t\t\t<\/div>\n\t\t\t\t\t<\/div>\n\t\t<\/div>\n\t\t\t\t\t<\/div>\n\t\t<\/section>\n\t\t\t\t<section class=\"elementor-section elementor-top-section elementor-element elementor-element-fcb6f64 elementor-section-boxed elementor-section-height-default elementor-section-height-default\" data-id=\"fcb6f64\" data-element_type=\"section\" data-e-type=\"section\">\n\t\t\t\t\t\t<div class=\"elementor-container elementor-column-gap-default\">\n\t\t\t\t\t<div class=\"elementor-column elementor-col-100 elementor-top-column elementor-element elementor-element-b9ad6f1\" data-id=\"b9ad6f1\" data-element_type=\"column\" data-e-type=\"column\">\n\t\t\t<div class=\"elementor-widget-wrap elementor-element-populated\">\n\t\t\t\t\t\t<div class=\"elementor-element elementor-element-5119e62 elementor-widget elementor-widget-text-editor\" data-id=\"5119e62\" data-element_type=\"widget\" data-e-type=\"widget\" data-widget_type=\"text-editor.default\">\n\t\t\t\t<div class=\"elementor-widget-container\">\n\t\t\t\t\t\t\t\t\t<div><div><h4><b>Paleta de colores<\/b><\/h4><\/div><div><div><div style=\"line-height: 1.4; direction: ltr; margin-left: 0px;\"><p><span style=\"font-size: 16px; color: #222222; letter-spacing: 0em;\">La <\/span><span style=\"font-size: 16px; font-weight: bold; color: #222222; letter-spacing: 0em;\">paleta de colores<\/span><span style=\"font-size: 16px; color: #222222; letter-spacing: 0em;\"> en las l\u00e1mparas Japandi se caracteriza por tonos <\/span><span style=\"font-size: 16px; font-weight: bold; color: #222222; letter-spacing: 0em;\">neutros<\/span><span style=\"font-size: 16px; color: #222222; letter-spacing: 0em;\"> y <\/span><span style=\"font-size: 16px; font-weight: bold; color: #222222; letter-spacing: 0em;\">terrosos<\/span><span style=\"font-size: 16px; color: #222222; letter-spacing: 0em;\">. Colores como el <\/span><span style=\"font-size: 16px; font-weight: bold; color: #222222; letter-spacing: 0em;\">blanco<\/span><span style=\"font-size: 16px; color: #222222; letter-spacing: 0em;\">, <\/span><span style=\"font-size: 16px; font-weight: bold; color: #222222; letter-spacing: 0em;\">gris<\/span><span style=\"font-size: 16px; color: #222222; letter-spacing: 0em;\">, <\/span><span style=\"font-size: 16px; font-weight: bold; color: #222222; letter-spacing: 0em;\">beige<\/span><span style=\"font-size: 16px; color: #222222; letter-spacing: 0em;\"> y <\/span><span style=\"font-size: 16px; font-weight: bold; color: #222222; letter-spacing: 0em;\">negro<\/span><span style=\"font-size: 16px; color: #222222; letter-spacing: 0em;\"> predominan en el dise\u00f1o, creando un espacio sereno y equilibrado. La madera natural, a menudo en tonos m\u00e1s claros, complementa esta paleta, aportando calidez y una conexi\u00f3n con la naturaleza. Los colores suaves permiten que las l\u00e1mparas se integren f\u00e1cilmente con el resto de la decoraci\u00f3n, sin robar protagonismo pero manteniendo una presencia elegante.<\/span><\/p><\/div><\/div><\/div><\/div>\t\t\t\t\t\t\t\t<\/div>\n\t\t\t\t<\/div>\n\t\t\t\t\t<\/div>\n\t\t<\/div>\n\t\t\t\t\t<\/div>\n\t\t<\/section>\n\t\t\t\t<section class=\"elementor-section elementor-top-section elementor-element elementor-element-1fcf1517 elementor-section-boxed elementor-section-height-default elementor-section-height-default\" data-id=\"1fcf1517\" data-element_type=\"section\" data-e-type=\"section\">\n\t\t\t\t\t\t<div class=\"elementor-container elementor-column-gap-custom\">\n\t\t\t\t\t<div class=\"elementor-column elementor-col-33 elementor-top-column elementor-element elementor-element-707f5d59\" data-id=\"707f5d59\" data-element_type=\"column\" data-e-type=\"column\">\n\t\t\t<div class=\"elementor-widget-wrap elementor-element-populated\">\n\t\t\t\t\t\t<div class=\"elementor-element elementor-element-1ecb33a8 elementor-widget elementor-widget-image\" data-id=\"1ecb33a8\" data-element_type=\"widget\" data-e-type=\"widget\" data-widget_type=\"image.default\">\n\t\t\t\t<div class=\"elementor-widget-container\">\n\t\t\t\t\t\t\t\t\t\t\t\t\t\t\t\t<a href=\"https:\/\/www.leonleds.com\/es\/lampara-de-techo-elegante-midsumer-crema-de-acero-y-textil-1-luz-e27.html#\/373-color-beige\">\n\t\t\t\t\t\t\t<img loading=\"lazy\" decoding=\"async\" width=\"1024\" height=\"1024\" src=\"https:\/\/www.leonleds.com\/blog\/wp-content\/uploads\/2025\/03\/lampara-de-techo-MIDSUMMER.jpg\" class=\"attachment-large size-large wp-image-4385\" alt=\"\" srcset=\"https:\/\/www.leonleds.com\/blog\/wp-content\/uploads\/2025\/03\/lampara-de-techo-MIDSUMMER.jpg 1024w, https:\/\/www.leonleds.com\/blog\/wp-content\/uploads\/2025\/03\/lampara-de-techo-MIDSUMMER-300x300.jpg 300w, https:\/\/www.leonleds.com\/blog\/wp-content\/uploads\/2025\/03\/lampara-de-techo-MIDSUMMER-150x150.jpg 150w, https:\/\/www.leonleds.com\/blog\/wp-content\/uploads\/2025\/03\/lampara-de-techo-MIDSUMMER-768x768.jpg 768w\" sizes=\"(max-width: 1024px) 100vw, 1024px\" \/>\t\t\t\t\t\t\t\t<\/a>\n\t\t\t\t\t\t\t\t\t\t\t\t\t\t\t<\/div>\n\t\t\t\t<\/div>\n\t\t\t\t\t<\/div>\n\t\t<\/div>\n\t\t\t\t<div class=\"elementor-column elementor-col-33 elementor-top-column elementor-element elementor-element-453a7757\" data-id=\"453a7757\" data-element_type=\"column\" data-e-type=\"column\">\n\t\t\t<div class=\"elementor-widget-wrap elementor-element-populated\">\n\t\t\t\t\t\t<div class=\"elementor-element elementor-element-11cdceb5 elementor-widget elementor-widget-image\" data-id=\"11cdceb5\" data-element_type=\"widget\" data-e-type=\"widget\" data-widget_type=\"image.default\">\n\t\t\t\t<div class=\"elementor-widget-container\">\n\t\t\t\t\t\t\t\t\t\t\t\t\t\t\t\t<a href=\"https:\/\/www.leonleds.com\/es\/lampara-de-mesa-elegante-de-acero-y-textil-midsumer-o-380mm.html#\/373-color-beige\">\n\t\t\t\t\t\t\t<img loading=\"lazy\" decoding=\"async\" width=\"1024\" height=\"1024\" src=\"https:\/\/www.leonleds.com\/blog\/wp-content\/uploads\/2025\/03\/lampara-MIDSUMMER.jpg\" class=\"attachment-large size-large wp-image-4387\" alt=\"\" srcset=\"https:\/\/www.leonleds.com\/blog\/wp-content\/uploads\/2025\/03\/lampara-MIDSUMMER.jpg 1024w, https:\/\/www.leonleds.com\/blog\/wp-content\/uploads\/2025\/03\/lampara-MIDSUMMER-300x300.jpg 300w, https:\/\/www.leonleds.com\/blog\/wp-content\/uploads\/2025\/03\/lampara-MIDSUMMER-150x150.jpg 150w, https:\/\/www.leonleds.com\/blog\/wp-content\/uploads\/2025\/03\/lampara-MIDSUMMER-768x768.jpg 768w\" sizes=\"(max-width: 1024px) 100vw, 1024px\" \/>\t\t\t\t\t\t\t\t<\/a>\n\t\t\t\t\t\t\t\t\t\t\t\t\t\t\t<\/div>\n\t\t\t\t<\/div>\n\t\t\t\t\t<\/div>\n\t\t<\/div>\n\t\t\t\t<div class=\"elementor-column elementor-col-33 elementor-top-column elementor-element elementor-element-7c41bd36\" data-id=\"7c41bd36\" data-element_type=\"column\" data-e-type=\"column\">\n\t\t\t<div class=\"elementor-widget-wrap elementor-element-populated\">\n\t\t\t\t\t\t<div class=\"elementor-element elementor-element-3ebcd3ba elementor-widget elementor-widget-image\" data-id=\"3ebcd3ba\" data-element_type=\"widget\" data-e-type=\"widget\" data-widget_type=\"image.default\">\n\t\t\t\t<div class=\"elementor-widget-container\">\n\t\t\t\t\t\t\t\t\t\t\t\t\t\t\t\t<a href=\"https:\/\/www.leonleds.com\/es\/lampara-de-techo-colgante-de-acero-y-textil-crema-midsumer-3-luces-e27.html#\/373-color-beige\">\n\t\t\t\t\t\t\t<img loading=\"lazy\" decoding=\"async\" width=\"1024\" height=\"1024\" src=\"https:\/\/www.leonleds.com\/blog\/wp-content\/uploads\/2025\/03\/lampara-MIDSUMMER-2.jpg\" class=\"attachment-large size-large wp-image-4386\" alt=\"\" srcset=\"https:\/\/www.leonleds.com\/blog\/wp-content\/uploads\/2025\/03\/lampara-MIDSUMMER-2.jpg 1024w, https:\/\/www.leonleds.com\/blog\/wp-content\/uploads\/2025\/03\/lampara-MIDSUMMER-2-300x300.jpg 300w, https:\/\/www.leonleds.com\/blog\/wp-content\/uploads\/2025\/03\/lampara-MIDSUMMER-2-150x150.jpg 150w, https:\/\/www.leonleds.com\/blog\/wp-content\/uploads\/2025\/03\/lampara-MIDSUMMER-2-768x768.jpg 768w\" sizes=\"(max-width: 1024px) 100vw, 1024px\" \/>\t\t\t\t\t\t\t\t<\/a>\n\t\t\t\t\t\t\t\t\t\t\t\t\t\t\t<\/div>\n\t\t\t\t<\/div>\n\t\t\t\t\t<\/div>\n\t\t<\/div>\n\t\t\t\t\t<\/div>\n\t\t<\/section>\n\t\t\t\t<section class=\"elementor-section elementor-top-section elementor-element elementor-element-b3f9571 elementor-section-boxed elementor-section-height-default elementor-section-height-default\" data-id=\"b3f9571\" data-element_type=\"section\" data-e-type=\"section\">\n\t\t\t\t\t\t<div class=\"elementor-container elementor-column-gap-default\">\n\t\t\t\t\t<div class=\"elementor-column elementor-col-100 elementor-top-column elementor-element elementor-element-d3e69ee\" data-id=\"d3e69ee\" data-element_type=\"column\" data-e-type=\"column\">\n\t\t\t<div class=\"elementor-widget-wrap elementor-element-populated\">\n\t\t\t\t\t\t<div class=\"elementor-element elementor-element-63480c0 elementor-widget elementor-widget-text-editor\" data-id=\"63480c0\" data-element_type=\"widget\" data-e-type=\"widget\" data-widget_type=\"text-editor.default\">\n\t\t\t\t<div class=\"elementor-widget-container\">\n\t\t\t\t\t\t\t\t\t<div><div><h4><b>Iluminaci\u00f3n<\/b><\/h4><\/div><div><div><div style=\"line-height: 1.4; direction: ltr; margin-left: 0px;\"><div><div style=\"line-height: 1.4; direction: ltr; margin-left: 0px;\"><p><span style=\"font-size: 16px; color: #222222; letter-spacing: 0em;\">La <\/span><span style=\"font-size: 16px; color: #222222; letter-spacing: 0em;\">iluminaci\u00f3n<\/span><span style=\"font-size: 16px; color: #222222; letter-spacing: 0em;\"> en este estilo es <strong>suave y c\u00e1lida<\/strong>, con el objetivo de crear un ambiente acogedor y relajante. Las l\u00e1mparas est\u00e1n dise\u00f1adas para difundir la luz de manera <strong>uniforme<\/strong>, evitando sombras duras y ofreciendo una luz suave que complementa la luz natural en el espacio. Este tipo de iluminaci\u00f3n no solo es funcional, sino tambi\u00e9n emocional, contribuyendo a la serenidad y tranquilidad que define el estilo Japandi.\u00a0<\/span><\/p><\/div><\/div><\/div><\/div><\/div><\/div>\t\t\t\t\t\t\t\t<\/div>\n\t\t\t\t<\/div>\n\t\t\t\t\t<\/div>\n\t\t<\/div>\n\t\t\t\t\t<\/div>\n\t\t<\/section>\n\t\t\t\t<section class=\"elementor-section elementor-top-section elementor-element elementor-element-de08402 elementor-section-boxed elementor-section-height-default elementor-section-height-default\" data-id=\"de08402\" data-element_type=\"section\" data-e-type=\"section\">\n\t\t\t\t\t\t<div class=\"elementor-container elementor-column-gap-default\">\n\t\t\t\t\t<div class=\"elementor-column elementor-col-100 elementor-top-column elementor-element elementor-element-07151f7\" data-id=\"07151f7\" data-element_type=\"column\" data-e-type=\"column\">\n\t\t\t<div class=\"elementor-widget-wrap elementor-element-populated\">\n\t\t\t\t\t\t<div class=\"elementor-element elementor-element-3ac6fe6 elementor-widget elementor-widget-text-editor\" data-id=\"3ac6fe6\" data-element_type=\"widget\" data-e-type=\"widget\" data-widget_type=\"text-editor.default\">\n\t\t\t\t<div class=\"elementor-widget-container\">\n\t\t\t\t\t\t\t\t\t<div><div><div><div style=\"line-height: 1.4; direction: ltr; margin-left: 0px;\"><p><span style=\"font-size: 16px; color: #222222; letter-spacing: 0em;\">Explora en <\/span><span style=\"color: #1a62ff;\"><span style=\"font-size: 16px; letter-spacing: 0em;\"><b><u><a href=\"https:\/\/www.leonleds.com\/es\/\">LeonLeds<\/a><\/u><\/b><\/span><\/span><span style=\"font-size: 16px; color: #222222; letter-spacing: 0em;\"> nuestra colecci\u00f3n de l\u00e1mparas Japandi y transforma tu hogar en un espacio armonioso y sereno, donde la simplicidad y la elegancia se encuentran en cada detalle.<\/span><\/p><\/div><\/div><\/div><\/div>\t\t\t\t\t\t\t\t<\/div>\n\t\t\t\t<\/div>\n\t\t\t\t\t<\/div>\n\t\t<\/div>\n\t\t\t\t\t<\/div>\n\t\t<\/section>\n\t\t\t\t<\/div>\n\t\t","protected":false},"excerpt":{"rendered":"<p>El estilo Japandi es una fusi\u00f3n perfecta entre el dise\u00f1o japon\u00e9s y el escandinavo, dos corrientes que comparten una profunda admiraci\u00f3n por la simplicidad, la funcionalidad y la conexi\u00f3n con la naturaleza. El estilo japon\u00e9s, influenciado por el minimalismo y el concepto de wabi-sabi (la belleza de la imperfecci\u00f3n), se mezcla con la calidez y &#8230; <a title=\"L\u00e1mparas estilo Japandi\" class=\"read-more\" href=\"https:\/\/www.leonleds.com\/blog\/lamparas-estilo-japandi\/\" aria-label=\"Leer m\u00e1s sobre L\u00e1mparas estilo Japandi\">Leer m\u00e1s<\/a><\/p>\n","protected":false},"author":1,"featured_media":4396,"comment_status":"open","ping_status":"open","sticky":false,"template":"","format":"standard","meta":{"footnotes":""},"categories":[4,7],"tags":[18,25,151,170,460,357,461],"class_list":["post-4377","post","type-post","status-publish","format-standard","has-post-thumbnail","hentry","category-decoracion","category-iluminacion-interior","tag-decoracion","tag-iluminacion","tag-iluminacion-led","tag-iluminacion-para-el-hogar","tag-japandi","tag-lamparas","tag-minimalista"],"_links":{"self":[{"href":"https:\/\/www.leonleds.com\/blog\/wp-json\/wp\/v2\/posts\/4377","targetHints":{"allow":["GET"]}}],"collection":[{"href":"https:\/\/www.leonleds.com\/blog\/wp-json\/wp\/v2\/posts"}],"about":[{"href":"https:\/\/www.leonleds.com\/blog\/wp-json\/wp\/v2\/types\/post"}],"author":[{"embeddable":true,"href":"https:\/\/www.leonleds.com\/blog\/wp-json\/wp\/v2\/users\/1"}],"replies":[{"embeddable":true,"href":"https:\/\/www.leonleds.com\/blog\/wp-json\/wp\/v2\/comments?post=4377"}],"version-history":[{"count":16,"href":"https:\/\/www.leonleds.com\/blog\/wp-json\/wp\/v2\/posts\/4377\/revisions"}],"predecessor-version":[{"id":4467,"href":"https:\/\/www.leonleds.com\/blog\/wp-json\/wp\/v2\/posts\/4377\/revisions\/4467"}],"wp:featuredmedia":[{"embeddable":true,"href":"https:\/\/www.leonleds.com\/blog\/wp-json\/wp\/v2\/media\/4396"}],"wp:attachment":[{"href":"https:\/\/www.leonleds.com\/blog\/wp-json\/wp\/v2\/media?parent=4377"}],"wp:term":[{"taxonomy":"category","embeddable":true,"href":"https:\/\/www.leonleds.com\/blog\/wp-json\/wp\/v2\/categories?post=4377"},{"taxonomy":"post_tag","embeddable":true,"href":"https:\/\/www.leonleds.com\/blog\/wp-json\/wp\/v2\/tags?post=4377"}],"curies":[{"name":"wp","href":"https:\/\/api.w.org\/{rel}","templated":true}]}}