{"id":4430,"date":"2025-03-20T13:00:00","date_gmt":"2025-03-20T12:00:00","guid":{"rendered":"https:\/\/www.leonleds.com\/blog\/?p=4430"},"modified":"2025-04-11T08:39:01","modified_gmt":"2025-04-11T06:39:01","slug":"soluciones-efectivas-para-iluminar-techos-altos-y-espacios-abiertos","status":"publish","type":"post","link":"https:\/\/www.leonleds.com\/blog\/soluciones-efectivas-para-iluminar-techos-altos-y-espacios-abiertos\/","title":{"rendered":"Soluciones efectivas para iluminar techos altos y espacios abiertos"},"content":{"rendered":"\t\t<div data-elementor-type=\"wp-post\" data-elementor-id=\"4430\" class=\"elementor elementor-4430\">\n\t\t\t\t\t\t<section class=\"elementor-section elementor-top-section elementor-element elementor-element-77524d03 elementor-section-boxed elementor-section-height-default elementor-section-height-default\" data-id=\"77524d03\" data-element_type=\"section\" data-e-type=\"section\">\n\t\t\t\t\t\t<div class=\"elementor-container elementor-column-gap-default\">\n\t\t\t\t\t\t<\/div>\n\t\t<\/section>\n\t\t\t\t<section class=\"elementor-section elementor-top-section elementor-element elementor-element-68aa5dd0 elementor-section-boxed elementor-section-height-default elementor-section-height-default\" data-id=\"68aa5dd0\" data-element_type=\"section\" data-e-type=\"section\">\n\t\t\t\t\t\t<div class=\"elementor-container elementor-column-gap-default\">\n\t\t\t\t\t<div class=\"elementor-column elementor-col-100 elementor-top-column elementor-element elementor-element-18f1723e\" data-id=\"18f1723e\" data-element_type=\"column\" data-e-type=\"column\">\n\t\t\t<div class=\"elementor-widget-wrap elementor-element-populated\">\n\t\t\t\t\t\t<div class=\"elementor-element elementor-element-5a4af6d elementor-widget elementor-widget-text-editor\" data-id=\"5a4af6d\" data-element_type=\"widget\" data-e-type=\"widget\" data-widget_type=\"text-editor.default\">\n\t\t\t\t<div class=\"elementor-widget-container\">\n\t\t\t\t\t\t\t\t\t<div><div style=\"line-height: 1.4; direction: ltr; margin-left: 0px;\"><p><span style=\"font-size: 16px; color: #222222; letter-spacing: 0em;\">Los techos altos y los espacios abiertos aportan <\/span><span style=\"font-size: 16px; font-weight: bold; color: #222222; letter-spacing: 0em;\">amplitud y modernidad<\/span><span style=\"font-size: 16px; color: #222222; letter-spacing: 0em;\"> a cualquier hogar, pero a menudo pueden presentar <\/span><span style=\"font-size: 16px; font-weight: bold; color: #222222; letter-spacing: 0em;\">desaf\u00edos<\/span><span style=\"font-size: 16px; color: #222222; letter-spacing: 0em;\">.<\/span> <span style=\"font-size: 16px; color: #222222; letter-spacing: 0em;\">Por ello, es fundamental elegir <\/span><span style=\"font-size: 16px; font-weight: bold; color: #222222; letter-spacing: 0em;\">soluciones eficaces<\/span><span style=\"font-size: 16px; color: #222222; letter-spacing: 0em;\"> que no solo iluminen el espacio, sino que tambi\u00e9n resalten su belleza y funcionalidad. <\/span><\/p><\/div><div style=\"line-height: 1.4; direction: ltr; margin-left: 0px;\"><p><span style=\"font-size: 16px; color: #222222; letter-spacing: 0em;\">En este post, exploraremos las mejores <\/span><span style=\"font-size: 16px; font-weight: bold; color: #222222; letter-spacing: 0em;\">opciones<\/span><span style=\"font-size: 16px; color: #222222; letter-spacing: 0em;\"> para iluminar techos altos y grandes espacios abiertos, garantizando un ambiente bien iluminado, equilibrado y visualmente atractivo.<\/span><\/p><\/div><\/div>\t\t\t\t\t\t\t\t<\/div>\n\t\t\t\t<\/div>\n\t\t\t\t\t<\/div>\n\t\t<\/div>\n\t\t\t\t\t<\/div>\n\t\t<\/section>\n\t\t\t\t<section class=\"elementor-section elementor-top-section elementor-element elementor-element-2db74a82 elementor-section-boxed elementor-section-height-default elementor-section-height-default\" data-id=\"2db74a82\" data-element_type=\"section\" data-e-type=\"section\">\n\t\t\t\t\t\t<div class=\"elementor-container elementor-column-gap-default\">\n\t\t\t\t\t<div class=\"elementor-column elementor-col-100 elementor-top-column elementor-element elementor-element-90cb30a\" data-id=\"90cb30a\" data-element_type=\"column\" data-e-type=\"column\">\n\t\t\t<div class=\"elementor-widget-wrap elementor-element-populated\">\n\t\t\t\t\t\t<div class=\"elementor-element elementor-element-593b27f9 elementor-widget elementor-widget-text-editor\" data-id=\"593b27f9\" data-element_type=\"widget\" data-e-type=\"widget\" data-widget_type=\"text-editor.default\">\n\t\t\t\t<div class=\"elementor-widget-container\">\n\t\t\t\t\t\t\t\t\t<div><div><h4><strong>L\u00e1mparas colgantes<\/strong><\/h4><\/div><div><div><div style=\"line-height: 1.4; direction: ltr; margin-left: 0px;\"><p><span style=\"font-size: 16.0534px; color: #222222; letter-spacing: 0em;\">Las l\u00e1mparas colgantes son ideales para techos altos, ya que aportan un <\/span><span style=\"font-size: 16.0534px; font-weight: bold; color: #222222; letter-spacing: 0em;\">punto focal<\/span><span style=\"font-size: 16.0534px; color: #222222; letter-spacing: 0em;\"> y llenan el espacio visualmente. Aseg\u00farate de que est\u00e9n a la <\/span><span style=\"font-size: 16.0534px; font-weight: bold; color: #222222; letter-spacing: 0em;\">altura correcta<\/span><span style=\"font-size: 16.0534px; color: #222222; letter-spacing: 0em;\"> para iluminar eficientemente. Las l\u00e1mparas grandes o en conjunto son perfectas para crear un ambiente acogedor y equilibrado.<\/span><\/p><\/div><\/div><\/div><\/div>\t\t\t\t\t\t\t\t<\/div>\n\t\t\t\t<\/div>\n\t\t\t\t\t<\/div>\n\t\t<\/div>\n\t\t\t\t\t<\/div>\n\t\t<\/section>\n\t\t\t\t<section class=\"elementor-section elementor-top-section elementor-element elementor-element-8944f74 elementor-section-boxed elementor-section-height-default elementor-section-height-default\" data-id=\"8944f74\" data-element_type=\"section\" data-e-type=\"section\">\n\t\t\t\t\t\t<div class=\"elementor-container elementor-column-gap-custom\">\n\t\t\t\t\t<div class=\"elementor-column elementor-col-33 elementor-top-column elementor-element elementor-element-39dda6c6\" data-id=\"39dda6c6\" data-element_type=\"column\" data-e-type=\"column\">\n\t\t\t<div class=\"elementor-widget-wrap elementor-element-populated\">\n\t\t\t\t\t\t<div class=\"elementor-element elementor-element-213dcb1 elementor-widget elementor-widget-image\" data-id=\"213dcb1\" data-element_type=\"widget\" data-e-type=\"widget\" data-widget_type=\"image.default\">\n\t\t\t\t<div class=\"elementor-widget-container\">\n\t\t\t\t\t\t\t\t\t\t\t\t\t\t\t\t<a href=\"https:\/\/www.leonleds.com\/es\/lampara-colgante-5-metros-dune-55-wire-trimless-dali-recorte-de-fase-2700k-3000k.html\">\n\t\t\t\t\t\t\t<img fetchpriority=\"high\" decoding=\"async\" width=\"1024\" height=\"1024\" src=\"https:\/\/www.leonleds.com\/blog\/wp-content\/uploads\/2025\/03\/lampara-de-techo-DUNE.jpg\" class=\"attachment-large size-large wp-image-4437\" alt=\"l\u00e1mpara-de-techo-DUNE\" srcset=\"https:\/\/www.leonleds.com\/blog\/wp-content\/uploads\/2025\/03\/lampara-de-techo-DUNE.jpg 1024w, https:\/\/www.leonleds.com\/blog\/wp-content\/uploads\/2025\/03\/lampara-de-techo-DUNE-300x300.jpg 300w, https:\/\/www.leonleds.com\/blog\/wp-content\/uploads\/2025\/03\/lampara-de-techo-DUNE-150x150.jpg 150w, https:\/\/www.leonleds.com\/blog\/wp-content\/uploads\/2025\/03\/lampara-de-techo-DUNE-768x768.jpg 768w\" sizes=\"(max-width: 1024px) 100vw, 1024px\" \/>\t\t\t\t\t\t\t\t<\/a>\n\t\t\t\t\t\t\t\t\t\t\t\t\t\t\t<\/div>\n\t\t\t\t<\/div>\n\t\t\t\t\t<\/div>\n\t\t<\/div>\n\t\t\t\t<div class=\"elementor-column elementor-col-33 elementor-top-column elementor-element elementor-element-66aafea0\" data-id=\"66aafea0\" data-element_type=\"column\" data-e-type=\"column\">\n\t\t\t<div class=\"elementor-widget-wrap elementor-element-populated\">\n\t\t\t\t\t\t<div class=\"elementor-element elementor-element-412506eb elementor-widget elementor-widget-image\" data-id=\"412506eb\" data-element_type=\"widget\" data-e-type=\"widget\" data-widget_type=\"image.default\">\n\t\t\t\t<div class=\"elementor-widget-container\">\n\t\t\t\t\t\t\t\t\t\t\t\t\t\t\t\t<a href=\"https:\/\/www.leonleds.com\/es\/lampara-de-techo-led-elli-vertical-regulable-metal-negro-y-oro-5w-2700k-ip20.html\">\n\t\t\t\t\t\t\t<img decoding=\"async\" width=\"1024\" height=\"1024\" src=\"https:\/\/www.leonleds.com\/blog\/wp-content\/uploads\/2025\/03\/lampara-ELLI.jpg\" class=\"attachment-large size-large wp-image-4434\" alt=\"l\u00e1mpara-ELLI\" srcset=\"https:\/\/www.leonleds.com\/blog\/wp-content\/uploads\/2025\/03\/lampara-ELLI.jpg 1024w, https:\/\/www.leonleds.com\/blog\/wp-content\/uploads\/2025\/03\/lampara-ELLI-300x300.jpg 300w, https:\/\/www.leonleds.com\/blog\/wp-content\/uploads\/2025\/03\/lampara-ELLI-150x150.jpg 150w, https:\/\/www.leonleds.com\/blog\/wp-content\/uploads\/2025\/03\/lampara-ELLI-768x768.jpg 768w\" sizes=\"(max-width: 1024px) 100vw, 1024px\" \/>\t\t\t\t\t\t\t\t<\/a>\n\t\t\t\t\t\t\t\t\t\t\t\t\t\t\t<\/div>\n\t\t\t\t<\/div>\n\t\t\t\t\t<\/div>\n\t\t<\/div>\n\t\t\t\t<div class=\"elementor-column elementor-col-33 elementor-top-column elementor-element elementor-element-5e2d8904\" data-id=\"5e2d8904\" data-element_type=\"column\" data-e-type=\"column\">\n\t\t\t<div class=\"elementor-widget-wrap elementor-element-populated\">\n\t\t\t\t\t\t<div class=\"elementor-element elementor-element-2fbea6fa elementor-widget elementor-widget-image\" data-id=\"2fbea6fa\" data-element_type=\"widget\" data-e-type=\"widget\" data-widget_type=\"image.default\">\n\t\t\t\t<div class=\"elementor-widget-container\">\n\t\t\t\t\t\t\t\t\t\t\t\t\t\t\t\t<a href=\"https:\/\/www.leonleds.com\/es\/lampara-de-techo-led-elma-regulable-1-tulipa-metal-y-vidrio-oro-negro-6w-2700k-ip20.html\">\n\t\t\t\t\t\t\t<img decoding=\"async\" width=\"1024\" height=\"1024\" src=\"https:\/\/www.leonleds.com\/blog\/wp-content\/uploads\/2025\/03\/lampara-de-techo-ELMA.jpg\" class=\"attachment-large size-large wp-image-4438\" alt=\"\" srcset=\"https:\/\/www.leonleds.com\/blog\/wp-content\/uploads\/2025\/03\/lampara-de-techo-ELMA.jpg 1024w, https:\/\/www.leonleds.com\/blog\/wp-content\/uploads\/2025\/03\/lampara-de-techo-ELMA-300x300.jpg 300w, https:\/\/www.leonleds.com\/blog\/wp-content\/uploads\/2025\/03\/lampara-de-techo-ELMA-150x150.jpg 150w, https:\/\/www.leonleds.com\/blog\/wp-content\/uploads\/2025\/03\/lampara-de-techo-ELMA-768x768.jpg 768w\" sizes=\"(max-width: 1024px) 100vw, 1024px\" \/>\t\t\t\t\t\t\t\t<\/a>\n\t\t\t\t\t\t\t\t\t\t\t\t\t\t\t<\/div>\n\t\t\t\t<\/div>\n\t\t\t\t\t<\/div>\n\t\t<\/div>\n\t\t\t\t\t<\/div>\n\t\t<\/section>\n\t\t\t\t<section class=\"elementor-section elementor-top-section elementor-element elementor-element-83c089c elementor-section-boxed elementor-section-height-default elementor-section-height-default\" data-id=\"83c089c\" data-element_type=\"section\" data-e-type=\"section\">\n\t\t\t\t\t\t<div class=\"elementor-container elementor-column-gap-default\">\n\t\t\t\t\t<div class=\"elementor-column elementor-col-100 elementor-top-column elementor-element elementor-element-106abbd\" data-id=\"106abbd\" data-element_type=\"column\" data-e-type=\"column\">\n\t\t\t<div class=\"elementor-widget-wrap elementor-element-populated\">\n\t\t\t\t\t\t<div class=\"elementor-element elementor-element-8ff4fa3 elementor-widget elementor-widget-text-editor\" data-id=\"8ff4fa3\" data-element_type=\"widget\" data-e-type=\"widget\" data-widget_type=\"text-editor.default\">\n\t\t\t\t<div class=\"elementor-widget-container\">\n\t\t\t\t\t\t\t\t\t<div><div><h4><b>Focos empotrados y downlights<\/b><\/h4><\/div><div><div><div style=\"line-height: 1.4; direction: ltr; margin-left: 0px;\"><div><div style=\"line-height: 1.4; direction: ltr; margin-left: 0px;\"><p><span style=\"font-size: 16px; color: #222222; letter-spacing: 0em;\">Los focos empotrados y downlights, proporcionan una luz <\/span><span style=\"font-size: 16px; font-weight: bold; color: #222222; letter-spacing: 0em;\">suave y uniforme<\/span><span style=\"font-size: 16px; color: #222222; letter-spacing: 0em;\">, siendo una excelente opci\u00f3n para techos altos. Distrib\u00fayelos estrat\u00e9gicamente y usa bombillas regulables para ajustar la intensidad seg\u00fan lo necesites, creando un ambiente flexible y funcional.<\/span><\/p><\/div><\/div><\/div><\/div><\/div><\/div>\t\t\t\t\t\t\t\t<\/div>\n\t\t\t\t<\/div>\n\t\t\t\t\t<\/div>\n\t\t<\/div>\n\t\t\t\t\t<\/div>\n\t\t<\/section>\n\t\t\t\t<section class=\"elementor-section elementor-top-section elementor-element elementor-element-2dff26ec elementor-section-boxed elementor-section-height-default elementor-section-height-default\" data-id=\"2dff26ec\" data-element_type=\"section\" data-e-type=\"section\">\n\t\t\t\t\t\t<div class=\"elementor-container elementor-column-gap-custom\">\n\t\t\t\t\t<div class=\"elementor-column elementor-col-33 elementor-top-column elementor-element elementor-element-3991d70\" data-id=\"3991d70\" data-element_type=\"column\" data-e-type=\"column\">\n\t\t\t<div class=\"elementor-widget-wrap elementor-element-populated\">\n\t\t\t\t\t\t<div class=\"elementor-element elementor-element-f891298 elementor-widget elementor-widget-image\" data-id=\"f891298\" data-element_type=\"widget\" data-e-type=\"widget\" data-widget_type=\"image.default\">\n\t\t\t\t<div class=\"elementor-widget-container\">\n\t\t\t\t\t\t\t\t\t\t\t\t\t\t\t\t<a href=\"https:\/\/www.leonleds.com\/es\/lampara-colgante-led-ilargi-negro-regulable.html\">\n\t\t\t\t\t\t\t<img loading=\"lazy\" decoding=\"async\" width=\"1024\" height=\"1024\" src=\"https:\/\/www.leonleds.com\/blog\/wp-content\/uploads\/2025\/03\/lampara-de-techo-Ilargi.jpg\" class=\"attachment-large size-large wp-image-4432\" alt=\"\" srcset=\"https:\/\/www.leonleds.com\/blog\/wp-content\/uploads\/2025\/03\/lampara-de-techo-Ilargi.jpg 1024w, https:\/\/www.leonleds.com\/blog\/wp-content\/uploads\/2025\/03\/lampara-de-techo-Ilargi-300x300.jpg 300w, https:\/\/www.leonleds.com\/blog\/wp-content\/uploads\/2025\/03\/lampara-de-techo-Ilargi-150x150.jpg 150w, https:\/\/www.leonleds.com\/blog\/wp-content\/uploads\/2025\/03\/lampara-de-techo-Ilargi-768x768.jpg 768w\" sizes=\"(max-width: 1024px) 100vw, 1024px\" \/>\t\t\t\t\t\t\t\t<\/a>\n\t\t\t\t\t\t\t\t\t\t\t\t\t\t\t<\/div>\n\t\t\t\t<\/div>\n\t\t\t\t\t<\/div>\n\t\t<\/div>\n\t\t\t\t<div class=\"elementor-column elementor-col-33 elementor-top-column elementor-element elementor-element-186b89fd\" data-id=\"186b89fd\" data-element_type=\"column\" data-e-type=\"column\">\n\t\t\t<div class=\"elementor-widget-wrap elementor-element-populated\">\n\t\t\t\t\t\t<div class=\"elementor-element elementor-element-2d541f11 elementor-widget elementor-widget-image\" data-id=\"2d541f11\" data-element_type=\"widget\" data-e-type=\"widget\" data-widget_type=\"image.default\">\n\t\t\t\t<div class=\"elementor-widget-container\">\n\t\t\t\t\t\t\t\t\t\t\t\t\t\t\t\t<a href=\"https:\/\/www.leonleds.com\/es\/downlight-led-empotrable-cuadrado-black-foster-rec-2x2-flood-38-2700k-3000k-4000k-varios-colores-regulable-no-regulable.html\">\n\t\t\t\t\t\t\t<img loading=\"lazy\" decoding=\"async\" width=\"1024\" height=\"1024\" src=\"https:\/\/www.leonleds.com\/blog\/wp-content\/uploads\/2025\/03\/Downlight-FOSTER.jpg\" class=\"attachment-large size-large wp-image-4435\" alt=\"\" srcset=\"https:\/\/www.leonleds.com\/blog\/wp-content\/uploads\/2025\/03\/Downlight-FOSTER.jpg 1024w, https:\/\/www.leonleds.com\/blog\/wp-content\/uploads\/2025\/03\/Downlight-FOSTER-300x300.jpg 300w, https:\/\/www.leonleds.com\/blog\/wp-content\/uploads\/2025\/03\/Downlight-FOSTER-150x150.jpg 150w, https:\/\/www.leonleds.com\/blog\/wp-content\/uploads\/2025\/03\/Downlight-FOSTER-768x768.jpg 768w\" sizes=\"(max-width: 1024px) 100vw, 1024px\" \/>\t\t\t\t\t\t\t\t<\/a>\n\t\t\t\t\t\t\t\t\t\t\t\t\t\t\t<\/div>\n\t\t\t\t<\/div>\n\t\t\t\t\t<\/div>\n\t\t<\/div>\n\t\t\t\t<div class=\"elementor-column elementor-col-33 elementor-top-column elementor-element elementor-element-77b246a4\" data-id=\"77b246a4\" data-element_type=\"column\" data-e-type=\"column\">\n\t\t\t<div class=\"elementor-widget-wrap elementor-element-populated\">\n\t\t\t\t\t\t<div class=\"elementor-element elementor-element-3b8f0327 elementor-widget elementor-widget-image\" data-id=\"3b8f0327\" data-element_type=\"widget\" data-e-type=\"widget\" data-widget_type=\"image.default\">\n\t\t\t\t<div class=\"elementor-widget-container\">\n\t\t\t\t\t\t\t\t\t\t\t\t\t\t\t\t<a href=\"https:\/\/www.leonleds.com\/es\/lampara-colgante-de-bola-de-cristal-elsa-oro-o25cm-e27.html\">\n\t\t\t\t\t\t\t<img loading=\"lazy\" decoding=\"async\" width=\"1024\" height=\"1024\" src=\"https:\/\/www.leonleds.com\/blog\/wp-content\/uploads\/2025\/03\/lampara-de-techo-ELSA.jpg\" class=\"attachment-large size-large wp-image-4439\" alt=\"\" srcset=\"https:\/\/www.leonleds.com\/blog\/wp-content\/uploads\/2025\/03\/lampara-de-techo-ELSA.jpg 1024w, https:\/\/www.leonleds.com\/blog\/wp-content\/uploads\/2025\/03\/lampara-de-techo-ELSA-300x300.jpg 300w, https:\/\/www.leonleds.com\/blog\/wp-content\/uploads\/2025\/03\/lampara-de-techo-ELSA-150x150.jpg 150w, https:\/\/www.leonleds.com\/blog\/wp-content\/uploads\/2025\/03\/lampara-de-techo-ELSA-768x768.jpg 768w\" sizes=\"(max-width: 1024px) 100vw, 1024px\" \/>\t\t\t\t\t\t\t\t<\/a>\n\t\t\t\t\t\t\t\t\t\t\t\t\t\t\t<\/div>\n\t\t\t\t<\/div>\n\t\t\t\t\t<\/div>\n\t\t<\/div>\n\t\t\t\t\t<\/div>\n\t\t<\/section>\n\t\t\t\t<section class=\"elementor-section elementor-top-section elementor-element elementor-element-3daf867f elementor-section-boxed elementor-section-height-default elementor-section-height-default\" data-id=\"3daf867f\" data-element_type=\"section\" data-e-type=\"section\">\n\t\t\t\t\t\t<div class=\"elementor-container elementor-column-gap-default\">\n\t\t\t\t\t<div class=\"elementor-column elementor-col-100 elementor-top-column elementor-element elementor-element-717f0144\" data-id=\"717f0144\" data-element_type=\"column\" data-e-type=\"column\">\n\t\t\t<div class=\"elementor-widget-wrap elementor-element-populated\">\n\t\t\t\t\t\t<div class=\"elementor-element elementor-element-42d5ff0e elementor-widget elementor-widget-text-editor\" data-id=\"42d5ff0e\" data-element_type=\"widget\" data-e-type=\"widget\" data-widget_type=\"text-editor.default\">\n\t\t\t\t<div class=\"elementor-widget-container\">\n\t\t\t\t\t\t\t\t\t<div><div><h4><b>Iluminaci\u00f3n en capas<\/b><\/h4><\/div><div><div><div style=\"line-height: 1.4; direction: ltr; margin-left: 0px;\"><p><span style=\"font-size: 16px; color: #222222; letter-spacing: 0em;\">La iluminaci\u00f3n en capas es esencial para espacios grandes. Combina luz <\/span><span style=\"font-size: 16px; font-weight: bold; color: #222222; letter-spacing: 0em;\">general<\/span><span style=\"font-size: 16px; color: #222222; letter-spacing: 0em;\">, de <\/span><span style=\"font-size: 16px; font-weight: bold; color: #222222; letter-spacing: 0em;\">acento <\/span><span style=\"font-size: 16px; color: #222222; letter-spacing: 0em;\">y <\/span><span style=\"font-size: 16px; font-weight: bold; color: #222222; letter-spacing: 0em;\">ambiental <\/span><span style=\"font-size: 16px; color: #222222; letter-spacing: 0em;\">para lograr un ambiente equilibrado. Las l\u00e1mparas de techo ofrecen luz general, mientras que los apliques o l\u00e1mparas de pie resaltan zonas espec\u00edficas, y las tiras LED a\u00f1aden calidez.<\/span><\/p><\/div><\/div><\/div><\/div>\t\t\t\t\t\t\t\t<\/div>\n\t\t\t\t<\/div>\n\t\t\t\t\t<\/div>\n\t\t<\/div>\n\t\t\t\t\t<\/div>\n\t\t<\/section>\n\t\t\t\t<section class=\"elementor-section elementor-top-section elementor-element elementor-element-3f06c47e elementor-section-boxed elementor-section-height-default elementor-section-height-default\" data-id=\"3f06c47e\" data-element_type=\"section\" data-e-type=\"section\">\n\t\t\t\t\t\t<div class=\"elementor-container elementor-column-gap-custom\">\n\t\t\t\t\t<div class=\"elementor-column elementor-col-33 elementor-top-column elementor-element elementor-element-21dddfcc\" data-id=\"21dddfcc\" data-element_type=\"column\" data-e-type=\"column\">\n\t\t\t<div class=\"elementor-widget-wrap elementor-element-populated\">\n\t\t\t\t\t\t<div class=\"elementor-element elementor-element-7507c90d elementor-widget elementor-widget-image\" data-id=\"7507c90d\" data-element_type=\"widget\" data-e-type=\"widget\" data-widget_type=\"image.default\">\n\t\t\t\t<div class=\"elementor-widget-container\">\n\t\t\t\t\t\t\t\t\t\t\t\t\t\t\t\t<a href=\"https:\/\/www.leonleds.com\/es\/lampara-colgante-con-base-led-de-43w-spider-o60cm-enrejado-con-cuerda-3000k-gris.html\">\n\t\t\t\t\t\t\t<img loading=\"lazy\" decoding=\"async\" width=\"1024\" height=\"1024\" src=\"https:\/\/www.leonleds.com\/blog\/wp-content\/uploads\/2025\/03\/lampara-de-techo-SPIDER.jpg\" class=\"attachment-large size-large wp-image-4433\" alt=\"\" srcset=\"https:\/\/www.leonleds.com\/blog\/wp-content\/uploads\/2025\/03\/lampara-de-techo-SPIDER.jpg 1024w, https:\/\/www.leonleds.com\/blog\/wp-content\/uploads\/2025\/03\/lampara-de-techo-SPIDER-300x300.jpg 300w, https:\/\/www.leonleds.com\/blog\/wp-content\/uploads\/2025\/03\/lampara-de-techo-SPIDER-150x150.jpg 150w, https:\/\/www.leonleds.com\/blog\/wp-content\/uploads\/2025\/03\/lampara-de-techo-SPIDER-768x768.jpg 768w\" sizes=\"(max-width: 1024px) 100vw, 1024px\" \/>\t\t\t\t\t\t\t\t<\/a>\n\t\t\t\t\t\t\t\t\t\t\t\t\t\t\t<\/div>\n\t\t\t\t<\/div>\n\t\t\t\t\t<\/div>\n\t\t<\/div>\n\t\t\t\t<div class=\"elementor-column elementor-col-33 elementor-top-column elementor-element elementor-element-1a6fa584\" data-id=\"1a6fa584\" data-element_type=\"column\" data-e-type=\"column\">\n\t\t\t<div class=\"elementor-widget-wrap elementor-element-populated\">\n\t\t\t\t\t\t<div class=\"elementor-element elementor-element-799aacbd elementor-widget elementor-widget-image\" data-id=\"799aacbd\" data-element_type=\"widget\" data-e-type=\"widget\" data-widget_type=\"image.default\">\n\t\t\t\t<div class=\"elementor-widget-container\">\n\t\t\t\t\t\t\t\t\t\t\t\t\t\t\t\t<a href=\"https:\/\/www.leonleds.com\/es\/lampara-colgante-led-con-doble-pantalla-piccola-regulable-en-altura-marron-5w-3000k-550lm.html\">\n\t\t\t\t\t\t\t<img loading=\"lazy\" decoding=\"async\" width=\"1024\" height=\"1024\" src=\"https:\/\/www.leonleds.com\/blog\/wp-content\/uploads\/2025\/03\/lampara-de-techo.jpg\" class=\"attachment-large size-large wp-image-4441\" alt=\"\" srcset=\"https:\/\/www.leonleds.com\/blog\/wp-content\/uploads\/2025\/03\/lampara-de-techo.jpg 1024w, https:\/\/www.leonleds.com\/blog\/wp-content\/uploads\/2025\/03\/lampara-de-techo-300x300.jpg 300w, https:\/\/www.leonleds.com\/blog\/wp-content\/uploads\/2025\/03\/lampara-de-techo-150x150.jpg 150w, https:\/\/www.leonleds.com\/blog\/wp-content\/uploads\/2025\/03\/lampara-de-techo-768x768.jpg 768w\" sizes=\"(max-width: 1024px) 100vw, 1024px\" \/>\t\t\t\t\t\t\t\t<\/a>\n\t\t\t\t\t\t\t\t\t\t\t\t\t\t\t<\/div>\n\t\t\t\t<\/div>\n\t\t\t\t\t<\/div>\n\t\t<\/div>\n\t\t\t\t<div class=\"elementor-column elementor-col-33 elementor-top-column elementor-element elementor-element-172b4e72\" data-id=\"172b4e72\" data-element_type=\"column\" data-e-type=\"column\">\n\t\t\t<div class=\"elementor-widget-wrap elementor-element-populated\">\n\t\t\t\t\t\t<div class=\"elementor-element elementor-element-3218a01f elementor-widget elementor-widget-image\" data-id=\"3218a01f\" data-element_type=\"widget\" data-e-type=\"widget\" data-widget_type=\"image.default\">\n\t\t\t\t<div class=\"elementor-widget-container\">\n\t\t\t\t\t\t\t\t\t\t\t\t\t\t\t\t<a href=\"https:\/\/www.leonleds.com\/es\/empotrable-led-bead-valido-para-banos-ip44-blanco-7w-2700k-3000k-4000k.html\">\n\t\t\t\t\t\t\t<img loading=\"lazy\" decoding=\"async\" width=\"1024\" height=\"1024\" src=\"https:\/\/www.leonleds.com\/blog\/wp-content\/uploads\/2025\/03\/foco-BEAD.jpg\" class=\"attachment-large size-large wp-image-4436\" alt=\"\" srcset=\"https:\/\/www.leonleds.com\/blog\/wp-content\/uploads\/2025\/03\/foco-BEAD.jpg 1024w, https:\/\/www.leonleds.com\/blog\/wp-content\/uploads\/2025\/03\/foco-BEAD-300x300.jpg 300w, https:\/\/www.leonleds.com\/blog\/wp-content\/uploads\/2025\/03\/foco-BEAD-150x150.jpg 150w, https:\/\/www.leonleds.com\/blog\/wp-content\/uploads\/2025\/03\/foco-BEAD-768x768.jpg 768w\" sizes=\"(max-width: 1024px) 100vw, 1024px\" \/>\t\t\t\t\t\t\t\t<\/a>\n\t\t\t\t\t\t\t\t\t\t\t\t\t\t\t<\/div>\n\t\t\t\t<\/div>\n\t\t\t\t\t<\/div>\n\t\t<\/div>\n\t\t\t\t\t<\/div>\n\t\t<\/section>\n\t\t\t\t<section class=\"elementor-section elementor-top-section elementor-element elementor-element-9876a05 elementor-section-boxed elementor-section-height-default elementor-section-height-default\" data-id=\"9876a05\" data-element_type=\"section\" data-e-type=\"section\">\n\t\t\t\t\t\t<div class=\"elementor-container elementor-column-gap-default\">\n\t\t\t\t\t<div class=\"elementor-column elementor-col-100 elementor-top-column elementor-element elementor-element-638c900\" data-id=\"638c900\" data-element_type=\"column\" data-e-type=\"column\">\n\t\t\t<div class=\"elementor-widget-wrap elementor-element-populated\">\n\t\t\t\t\t\t<div class=\"elementor-element elementor-element-b9ca968 elementor-widget elementor-widget-text-editor\" data-id=\"b9ca968\" data-element_type=\"widget\" data-e-type=\"widget\" data-widget_type=\"text-editor.default\">\n\t\t\t\t<div class=\"elementor-widget-container\">\n\t\t\t\t\t\t\t\t\t<div><div><h4><b>Consejos para evitar errores comunes<\/b><\/h4><\/div><div><div><div style=\"line-height: 1.4; direction: ltr; margin-left: 0px;\"><p><span style=\"color: #222222; font-size: 16px; letter-spacing: 0em; background-color: var(--base-3);\">Para conseguir una iluminaci\u00f3n perfecta, es importante evitar ciertos errores que pueden comprometer la funcionalidad y est\u00e9tica del espacio.<\/span><\/p><div><ul style=\"line-height: 1.4; direction: ltr; margin-left: 0px;\"><li style=\"list-style: disc;\"><span style=\"font-size: 16px; font-weight: bold; color: #222222; letter-spacing: 0em;\">Evitar una sola fuente de luz<\/span><span style=\"font-size: 16px; color: #222222; letter-spacing: 0em;\">: Usar solo una l\u00e1mpara central puede generar sombras y una distribuci\u00f3n desigual. Es recomendable emplear diversas fuentes de luz.<\/span><\/li><li style=\"list-style: disc;\"><span style=\"font-size: 16px; font-weight: bold; color: #222222; letter-spacing: 0em;\">No sobrecargar con luz fr\u00eda<\/span><span style=\"font-size: 16px; color: #222222; letter-spacing: 0em;\">: La luz demasiado fr\u00eda puede hacer que el espacio se sienta impersonal. Opta por <\/span><span style=\"font-size: 16px; font-weight: bold; color: #222222; letter-spacing: 0em;\">luz c\u00e1lida<\/span><span style=\"font-size: 16px; color: #222222; letter-spacing: 0em;\"> para crear un ambiente m\u00e1s acogedor.<\/span><\/li><li style=\"list-style: disc;\"><span style=\"font-size: 16px; font-weight: bold; color: #222222; letter-spacing: 0em;\">Considerar la eficiencia energ\u00e9tica<\/span><span style=\"font-size: 16px; color: #222222; letter-spacing: 0em;\">: Las bombillas <\/span><span style=\"font-size: 16px; font-weight: bold; color: #222222; letter-spacing: 0em;\">LED<\/span><span style=\"font-size: 16px; color: #222222; letter-spacing: 0em;\"> no solo son m\u00e1s eficientes, sino que ofrecen una excelente calidad de luz para techos altos sin consumir demasiada energ\u00eda.<\/span><\/li><\/ul><div style=\"line-height: 1.4; direction: ltr; margin-left: 0px;\"><p><span style=\"font-size: 16px; color: #222222; letter-spacing: 0em;\">Descubre en <\/span><a style=\"font-size: 16px; font-weight: bold; color: #1a62ff; text-decoration-line: underline; letter-spacing: 0em;\" href=\"https:\/\/www.leonleds.com\/es\/\">LeonLeds<\/a><span style=\"font-size: 16px; color: #222222; letter-spacing: 0em;\"> las mejores soluciones de iluminaci\u00f3n para techos altos y espacios abiertos, y transforma tu hogar en un lugar lleno de luz y estilo.<\/span><\/p><\/div><\/div><\/div><\/div><\/div><\/div>\t\t\t\t\t\t\t\t<\/div>\n\t\t\t\t<\/div>\n\t\t\t\t\t<\/div>\n\t\t<\/div>\n\t\t\t\t\t<\/div>\n\t\t<\/section>\n\t\t\t\t<\/div>\n\t\t","protected":false},"excerpt":{"rendered":"<p>Los techos altos y los espacios abiertos aportan amplitud y modernidad a cualquier hogar, pero a menudo pueden presentar desaf\u00edos. Por ello, es fundamental elegir soluciones eficaces que no solo iluminen el espacio, sino que tambi\u00e9n resalten su belleza y funcionalidad. En este post, exploraremos las mejores opciones para iluminar techos altos y grandes espacios &#8230; <a title=\"Soluciones efectivas para iluminar techos altos y espacios abiertos\" class=\"read-more\" href=\"https:\/\/www.leonleds.com\/blog\/soluciones-efectivas-para-iluminar-techos-altos-y-espacios-abiertos\/\" aria-label=\"Leer m\u00e1s sobre Soluciones efectivas para iluminar techos altos y espacios abiertos\">Leer m\u00e1s<\/a><\/p>\n","protected":false},"author":1,"featured_media":4710,"comment_status":"open","ping_status":"open","sticky":false,"template":"","format":"standard","meta":{"footnotes":""},"categories":[4,7,6,9],"tags":[468,125,151,170,467,470,469],"class_list":["post-4430","post","type-post","status-publish","format-standard","has-post-thumbnail","hentry","category-decoracion","category-iluminacion-interior","category-informacion-led","category-preguntas-frecuentes","tag-downlights","tag-iluminacion-2","tag-iluminacion-led","tag-iluminacion-para-el-hogar","tag-lamparas-colagantes","tag-soluciones-de-iluminacion","tag-techos-altos"],"_links":{"self":[{"href":"https:\/\/www.leonleds.com\/blog\/wp-json\/wp\/v2\/posts\/4430","targetHints":{"allow":["GET"]}}],"collection":[{"href":"https:\/\/www.leonleds.com\/blog\/wp-json\/wp\/v2\/posts"}],"about":[{"href":"https:\/\/www.leonleds.com\/blog\/wp-json\/wp\/v2\/types\/post"}],"author":[{"embeddable":true,"href":"https:\/\/www.leonleds.com\/blog\/wp-json\/wp\/v2\/users\/1"}],"replies":[{"embeddable":true,"href":"https:\/\/www.leonleds.com\/blog\/wp-json\/wp\/v2\/comments?post=4430"}],"version-history":[{"count":10,"href":"https:\/\/www.leonleds.com\/blog\/wp-json\/wp\/v2\/posts\/4430\/revisions"}],"predecessor-version":[{"id":4492,"href":"https:\/\/www.leonleds.com\/blog\/wp-json\/wp\/v2\/posts\/4430\/revisions\/4492"}],"wp:featuredmedia":[{"embeddable":true,"href":"https:\/\/www.leonleds.com\/blog\/wp-json\/wp\/v2\/media\/4710"}],"wp:attachment":[{"href":"https:\/\/www.leonleds.com\/blog\/wp-json\/wp\/v2\/media?parent=4430"}],"wp:term":[{"taxonomy":"category","embeddable":true,"href":"https:\/\/www.leonleds.com\/blog\/wp-json\/wp\/v2\/categories?post=4430"},{"taxonomy":"post_tag","embeddable":true,"href":"https:\/\/www.leonleds.com\/blog\/wp-json\/wp\/v2\/tags?post=4430"}],"curies":[{"name":"wp","href":"https:\/\/api.w.org\/{rel}","templated":true}]}}