{"id":4799,"date":"2025-06-19T13:00:00","date_gmt":"2025-06-19T11:00:00","guid":{"rendered":"https:\/\/www.leonleds.com\/blog\/?p=4799"},"modified":"2025-08-07T12:20:56","modified_gmt":"2025-08-07T10:20:56","slug":"7-errores-que-no-debemos-cometer-con-los-ventiladores-de-techo","status":"publish","type":"post","link":"https:\/\/www.leonleds.com\/blog\/7-errores-que-no-debemos-cometer-con-los-ventiladores-de-techo\/","title":{"rendered":"7 errores que no debemos cometer con los ventiladores de techo"},"content":{"rendered":"\t\t<div data-elementor-type=\"wp-post\" data-elementor-id=\"4799\" class=\"elementor elementor-4799\">\n\t\t\t\t\t\t<section class=\"elementor-section elementor-top-section elementor-element elementor-element-7c317f0a elementor-section-boxed elementor-section-height-default elementor-section-height-default\" data-id=\"7c317f0a\" data-element_type=\"section\" data-e-type=\"section\">\n\t\t\t\t\t\t<div class=\"elementor-container elementor-column-gap-default\">\n\t\t\t\t\t\t<\/div>\n\t\t<\/section>\n\t\t\t\t<section class=\"elementor-section elementor-top-section elementor-element elementor-element-783bf7ca elementor-section-boxed elementor-section-height-default elementor-section-height-default\" data-id=\"783bf7ca\" data-element_type=\"section\" data-e-type=\"section\">\n\t\t\t\t\t\t<div class=\"elementor-container elementor-column-gap-default\">\n\t\t\t\t\t<div class=\"elementor-column elementor-col-100 elementor-top-column elementor-element elementor-element-672d56d\" data-id=\"672d56d\" data-element_type=\"column\" data-e-type=\"column\">\n\t\t\t<div class=\"elementor-widget-wrap elementor-element-populated\">\n\t\t\t\t\t\t<div class=\"elementor-element elementor-element-732da3ae elementor-widget elementor-widget-text-editor\" data-id=\"732da3ae\" data-element_type=\"widget\" data-e-type=\"widget\" data-widget_type=\"text-editor.default\">\n\t\t\t\t<div class=\"elementor-widget-container\">\n\t\t\t\t\t\t\t\t\t<div><span style=\"font-size: inherit;\">En las temporadas de calor, <\/span><b style=\"font-size: inherit;\">los ventiladores<\/b><span style=\"font-size: inherit;\"> se vuelven imprescindibles en nuestros hogares. Sin embargo, en lugar de ser nuestra salvaci\u00f3n, pueden convertirse en nuestra peor pesadilla. <\/span><b style=\"font-size: inherit;\">Elegir el ventilador ideal para nuestras necesidades no siempre es f\u00e1cil, <\/b><span style=\"font-size: inherit;\">pero no te preocupes,<\/span><b style=\"font-size: inherit;\"> \u00a1nosotros te ayudamos!<\/b><\/div>\t\t\t\t\t\t\t\t<\/div>\n\t\t\t\t<\/div>\n\t\t\t\t\t<\/div>\n\t\t<\/div>\n\t\t\t\t\t<\/div>\n\t\t<\/section>\n\t\t\t\t<section class=\"elementor-section elementor-top-section elementor-element elementor-element-3c27eac8 elementor-section-boxed elementor-section-height-default elementor-section-height-default\" data-id=\"3c27eac8\" data-element_type=\"section\" data-e-type=\"section\">\n\t\t\t\t\t\t<div class=\"elementor-container elementor-column-gap-custom\">\n\t\t\t\t\t<div class=\"elementor-column elementor-col-33 elementor-top-column elementor-element elementor-element-65eb1e2b\" data-id=\"65eb1e2b\" data-element_type=\"column\" data-e-type=\"column\">\n\t\t\t<div class=\"elementor-widget-wrap elementor-element-populated\">\n\t\t\t\t\t\t<div class=\"elementor-element elementor-element-663ecdff elementor-widget elementor-widget-image\" data-id=\"663ecdff\" data-element_type=\"widget\" data-e-type=\"widget\" data-widget_type=\"image.default\">\n\t\t\t\t<div class=\"elementor-widget-container\">\n\t\t\t\t\t\t\t\t\t\t\t\t\t\t\t\t<a href=\"https:\/\/www.leonleds.com\/es\/lampara-de-techo-colgante-tipo-jaula-industrial-cage-bell-e27-negra-y-detalle-ratan.html#\/222-color-negro_dorado\">\n\t\t\t\t\t\t\t<img fetchpriority=\"high\" decoding=\"async\" width=\"1024\" height=\"1024\" src=\"https:\/\/www.leonleds.com\/blog\/wp-content\/uploads\/2025\/05\/404.png\" class=\"attachment-large size-large wp-image-4810\" alt=\"\" srcset=\"https:\/\/www.leonleds.com\/blog\/wp-content\/uploads\/2025\/05\/404.png 1024w, https:\/\/www.leonleds.com\/blog\/wp-content\/uploads\/2025\/05\/404-300x300.png 300w, https:\/\/www.leonleds.com\/blog\/wp-content\/uploads\/2025\/05\/404-150x150.png 150w, https:\/\/www.leonleds.com\/blog\/wp-content\/uploads\/2025\/05\/404-768x768.png 768w\" sizes=\"(max-width: 1024px) 100vw, 1024px\" \/>\t\t\t\t\t\t\t\t<\/a>\n\t\t\t\t\t\t\t\t\t\t\t\t\t\t\t<\/div>\n\t\t\t\t<\/div>\n\t\t\t\t\t<\/div>\n\t\t<\/div>\n\t\t\t\t<div class=\"elementor-column elementor-col-33 elementor-top-column elementor-element elementor-element-2c8ef1ff\" data-id=\"2c8ef1ff\" data-element_type=\"column\" data-e-type=\"column\">\n\t\t\t<div class=\"elementor-widget-wrap elementor-element-populated\">\n\t\t\t\t\t\t<div class=\"elementor-element elementor-element-461421f8 elementor-widget elementor-widget-image\" data-id=\"461421f8\" data-element_type=\"widget\" data-e-type=\"widget\" data-widget_type=\"image.default\">\n\t\t\t\t<div class=\"elementor-widget-container\">\n\t\t\t\t\t\t\t\t\t\t\t\t\t\t\t\t<a href=\"https:\/\/www.leonleds.com\/es\/ventilador-anne-negro-con-aspas-de-madera-moderno-2-acabados-disponibles.html\">\n\t\t\t\t\t\t\t<img decoding=\"async\" width=\"1024\" height=\"1024\" src=\"https:\/\/www.leonleds.com\/blog\/wp-content\/uploads\/2025\/05\/405.png\" class=\"attachment-large size-large wp-image-4801\" alt=\"\" srcset=\"https:\/\/www.leonleds.com\/blog\/wp-content\/uploads\/2025\/05\/405.png 1024w, https:\/\/www.leonleds.com\/blog\/wp-content\/uploads\/2025\/05\/405-300x300.png 300w, https:\/\/www.leonleds.com\/blog\/wp-content\/uploads\/2025\/05\/405-150x150.png 150w, https:\/\/www.leonleds.com\/blog\/wp-content\/uploads\/2025\/05\/405-768x768.png 768w\" sizes=\"(max-width: 1024px) 100vw, 1024px\" \/>\t\t\t\t\t\t\t\t<\/a>\n\t\t\t\t\t\t\t\t\t\t\t\t\t\t\t<\/div>\n\t\t\t\t<\/div>\n\t\t\t\t\t<\/div>\n\t\t<\/div>\n\t\t\t\t<div class=\"elementor-column elementor-col-33 elementor-top-column elementor-element elementor-element-6d6f321a\" data-id=\"6d6f321a\" data-element_type=\"column\" data-e-type=\"column\">\n\t\t\t<div class=\"elementor-widget-wrap elementor-element-populated\">\n\t\t\t\t\t\t<div class=\"elementor-element elementor-element-70bf8fc0 elementor-widget elementor-widget-image\" data-id=\"70bf8fc0\" data-element_type=\"widget\" data-e-type=\"widget\" data-widget_type=\"image.default\">\n\t\t\t\t<div class=\"elementor-widget-container\">\n\t\t\t\t\t\t\t\t\t\t\t\t\t\t\t\t<a href=\"https:\/\/www.leonleds.com\/es\/ventilador-de-techo-led-aspas-retractiles-supereco-negro-45w-4400lm-cct.html\">\n\t\t\t\t\t\t\t<img decoding=\"async\" width=\"1024\" height=\"1024\" src=\"https:\/\/www.leonleds.com\/blog\/wp-content\/uploads\/2025\/05\/Ventilador_supereco_cristalrecord.png\" class=\"attachment-large size-large wp-image-4808\" alt=\"\" srcset=\"https:\/\/www.leonleds.com\/blog\/wp-content\/uploads\/2025\/05\/Ventilador_supereco_cristalrecord.png 1024w, https:\/\/www.leonleds.com\/blog\/wp-content\/uploads\/2025\/05\/Ventilador_supereco_cristalrecord-300x300.png 300w, https:\/\/www.leonleds.com\/blog\/wp-content\/uploads\/2025\/05\/Ventilador_supereco_cristalrecord-150x150.png 150w, https:\/\/www.leonleds.com\/blog\/wp-content\/uploads\/2025\/05\/Ventilador_supereco_cristalrecord-768x768.png 768w\" sizes=\"(max-width: 1024px) 100vw, 1024px\" \/>\t\t\t\t\t\t\t\t<\/a>\n\t\t\t\t\t\t\t\t\t\t\t\t\t\t\t<\/div>\n\t\t\t\t<\/div>\n\t\t\t\t\t<\/div>\n\t\t<\/div>\n\t\t\t\t\t<\/div>\n\t\t<\/section>\n\t\t\t\t<section class=\"elementor-section elementor-top-section elementor-element elementor-element-504f5b92 elementor-section-boxed elementor-section-height-default elementor-section-height-default\" data-id=\"504f5b92\" data-element_type=\"section\" data-e-type=\"section\">\n\t\t\t\t\t\t<div class=\"elementor-container elementor-column-gap-default\">\n\t\t\t\t\t<div class=\"elementor-column elementor-col-100 elementor-top-column elementor-element elementor-element-451a890d\" data-id=\"451a890d\" data-element_type=\"column\" data-e-type=\"column\">\n\t\t\t<div class=\"elementor-widget-wrap elementor-element-populated\">\n\t\t\t\t\t\t<div class=\"elementor-element elementor-element-6b77e5b1 elementor-widget elementor-widget-text-editor\" data-id=\"6b77e5b1\" data-element_type=\"widget\" data-e-type=\"widget\" data-widget_type=\"text-editor.default\">\n\t\t\t\t<div class=\"elementor-widget-container\">\n\t\t\t\t\t\t\t\t\t<div><h2><strong>\u00bfQu\u00e9 debemos evitar?\u00a0<\/strong><\/h2><\/div><div><p>Cada ventilador es un mundo, pero hay ciertos <b>aspectos que siempre debes tener en cuenta<\/b> para elegir el ventilador correcto para ti. Estos son los errores m\u00e1s comunes que conviene evitar:<\/p><div><ul><li><b>No considerar la altura del techo: <\/b>Es fundamental medir la altura de la estancia donde instalar\u00e1s el ventilador para asegurarte de que su colocaci\u00f3n sea segura y eficiente. Un ventilador muy bajo puede resultar molesto, y uno demasiado alto ser\u00e1 poco efectivo.\u00a0<\/li><\/ul><ul><li><b>Ignorar el tama\u00f1o del ventilador:<\/b> Un ventilador demasiado grande o peque\u00f1o afectar\u00e1 tanto el rendimiento como la est\u00e9tica del espacio. Si es muy peque\u00f1o, no distribuir\u00e1 bien el aire; si es demasiado grande, puede recargar visualmente la habitaci\u00f3n y consumir m\u00e1s energ\u00eda de la neces<b>aria.<\/b><\/li><\/ul><ul><li><b>Pasar por alto la eficiencia energ\u00e9tica y el consumo:<\/b> Elegir un modelo eficiente te permitir\u00e1 ahorrar en la factura de la luz y reducir el impacto ambiental.<\/li><\/ul><\/div><\/div>\t\t\t\t\t\t\t\t<\/div>\n\t\t\t\t<\/div>\n\t\t\t\t\t<\/div>\n\t\t<\/div>\n\t\t\t\t\t<\/div>\n\t\t<\/section>\n\t\t\t\t<section class=\"elementor-section elementor-top-section elementor-element elementor-element-6e3c27f1 elementor-section-boxed elementor-section-height-default elementor-section-height-default\" data-id=\"6e3c27f1\" data-element_type=\"section\" data-e-type=\"section\">\n\t\t\t\t\t\t<div class=\"elementor-container elementor-column-gap-custom\">\n\t\t\t\t\t<div class=\"elementor-column elementor-col-33 elementor-top-column elementor-element elementor-element-3ef14ef9\" data-id=\"3ef14ef9\" data-element_type=\"column\" data-e-type=\"column\">\n\t\t\t<div class=\"elementor-widget-wrap elementor-element-populated\">\n\t\t\t\t\t\t<div class=\"elementor-element elementor-element-35905363 elementor-widget elementor-widget-image\" data-id=\"35905363\" data-element_type=\"widget\" data-e-type=\"widget\" data-widget_type=\"image.default\">\n\t\t\t\t<div class=\"elementor-widget-container\">\n\t\t\t\t\t\t\t\t\t\t\t\t\t\t\t\t<a href=\"https:\/\/www.leonleds.com\/es\/ventilador-plafon-led-nature-negro-y-madera.html\">\n\t\t\t\t\t\t\t<img loading=\"lazy\" decoding=\"async\" width=\"1024\" height=\"1024\" src=\"https:\/\/www.leonleds.com\/blog\/wp-content\/uploads\/2025\/05\/Ventilador_nature_mantra.png\" class=\"attachment-large size-large wp-image-4806\" alt=\"Ventilador_nature_mantra\" srcset=\"https:\/\/www.leonleds.com\/blog\/wp-content\/uploads\/2025\/05\/Ventilador_nature_mantra.png 1024w, https:\/\/www.leonleds.com\/blog\/wp-content\/uploads\/2025\/05\/Ventilador_nature_mantra-300x300.png 300w, https:\/\/www.leonleds.com\/blog\/wp-content\/uploads\/2025\/05\/Ventilador_nature_mantra-150x150.png 150w, https:\/\/www.leonleds.com\/blog\/wp-content\/uploads\/2025\/05\/Ventilador_nature_mantra-768x768.png 768w\" sizes=\"(max-width: 1024px) 100vw, 1024px\" \/>\t\t\t\t\t\t\t\t<\/a>\n\t\t\t\t\t\t\t\t\t\t\t\t\t\t\t<\/div>\n\t\t\t\t<\/div>\n\t\t\t\t\t<\/div>\n\t\t<\/div>\n\t\t\t\t<div class=\"elementor-column elementor-col-33 elementor-top-column elementor-element elementor-element-149b9d25\" data-id=\"149b9d25\" data-element_type=\"column\" data-e-type=\"column\">\n\t\t\t<div class=\"elementor-widget-wrap elementor-element-populated\">\n\t\t\t\t\t\t<div class=\"elementor-element elementor-element-20a29421 elementor-widget elementor-widget-image\" data-id=\"20a29421\" data-element_type=\"widget\" data-e-type=\"widget\" data-widget_type=\"image.default\">\n\t\t\t\t<div class=\"elementor-widget-container\">\n\t\t\t\t\t\t\t\t\t\t\t\t\t\t\t\t<a href=\"https:\/\/www.leonleds.com\/es\/ventilador-de-techo-led-aspas-plegables-panam-mini-ceniza-46w-5520lm-cct.html\">\n\t\t\t\t\t\t\t<img loading=\"lazy\" decoding=\"async\" width=\"1024\" height=\"1024\" src=\"https:\/\/www.leonleds.com\/blog\/wp-content\/uploads\/2025\/05\/Ventilador_PANAM_cristalrecord.png\" class=\"attachment-large size-large wp-image-4807\" alt=\"\" srcset=\"https:\/\/www.leonleds.com\/blog\/wp-content\/uploads\/2025\/05\/Ventilador_PANAM_cristalrecord.png 1024w, https:\/\/www.leonleds.com\/blog\/wp-content\/uploads\/2025\/05\/Ventilador_PANAM_cristalrecord-300x300.png 300w, https:\/\/www.leonleds.com\/blog\/wp-content\/uploads\/2025\/05\/Ventilador_PANAM_cristalrecord-150x150.png 150w, https:\/\/www.leonleds.com\/blog\/wp-content\/uploads\/2025\/05\/Ventilador_PANAM_cristalrecord-768x768.png 768w\" sizes=\"(max-width: 1024px) 100vw, 1024px\" \/>\t\t\t\t\t\t\t\t<\/a>\n\t\t\t\t\t\t\t\t\t\t\t\t\t\t\t<\/div>\n\t\t\t\t<\/div>\n\t\t\t\t\t<\/div>\n\t\t<\/div>\n\t\t\t\t<div class=\"elementor-column elementor-col-33 elementor-top-column elementor-element elementor-element-5327dca3\" data-id=\"5327dca3\" data-element_type=\"column\" data-e-type=\"column\">\n\t\t\t<div class=\"elementor-widget-wrap elementor-element-populated\">\n\t\t\t\t\t\t<div class=\"elementor-element elementor-element-398f4626 elementor-widget elementor-widget-image\" data-id=\"398f4626\" data-element_type=\"widget\" data-e-type=\"widget\" data-widget_type=\"image.default\">\n\t\t\t\t<div class=\"elementor-widget-container\">\n\t\t\t\t\t\t\t\t\t\t\t\t\t\t\t\t<a href=\"https:\/\/www.leonleds.com\/es\/ventilador-led-con-aspas-plegables-antila-plata-60w-6000lm-cct-dim.html\">\n\t\t\t\t\t\t\t<img loading=\"lazy\" decoding=\"async\" width=\"1024\" height=\"1024\" src=\"https:\/\/www.leonleds.com\/blog\/wp-content\/uploads\/2025\/05\/Ventilador_antila_cristalrecord.png\" class=\"attachment-large size-large wp-image-4805\" alt=\"\" srcset=\"https:\/\/www.leonleds.com\/blog\/wp-content\/uploads\/2025\/05\/Ventilador_antila_cristalrecord.png 1024w, https:\/\/www.leonleds.com\/blog\/wp-content\/uploads\/2025\/05\/Ventilador_antila_cristalrecord-300x300.png 300w, https:\/\/www.leonleds.com\/blog\/wp-content\/uploads\/2025\/05\/Ventilador_antila_cristalrecord-150x150.png 150w, https:\/\/www.leonleds.com\/blog\/wp-content\/uploads\/2025\/05\/Ventilador_antila_cristalrecord-768x768.png 768w\" sizes=\"(max-width: 1024px) 100vw, 1024px\" \/>\t\t\t\t\t\t\t\t<\/a>\n\t\t\t\t\t\t\t\t\t\t\t\t\t\t\t<\/div>\n\t\t\t\t<\/div>\n\t\t\t\t\t<\/div>\n\t\t<\/div>\n\t\t\t\t\t<\/div>\n\t\t<\/section>\n\t\t\t\t<section class=\"elementor-section elementor-top-section elementor-element elementor-element-89fe649 elementor-section-boxed elementor-section-height-default elementor-section-height-default\" data-id=\"89fe649\" data-element_type=\"section\" data-e-type=\"section\">\n\t\t\t\t\t\t<div class=\"elementor-container elementor-column-gap-default\">\n\t\t\t\t\t<div class=\"elementor-column elementor-col-100 elementor-top-column elementor-element elementor-element-e3d971f\" data-id=\"e3d971f\" data-element_type=\"column\" data-e-type=\"column\">\n\t\t\t<div class=\"elementor-widget-wrap elementor-element-populated\">\n\t\t\t\t\t\t<div class=\"elementor-element elementor-element-0004bcd elementor-widget elementor-widget-text-editor\" data-id=\"0004bcd\" data-element_type=\"widget\" data-e-type=\"widget\" data-widget_type=\"text-editor.default\">\n\t\t\t\t<div class=\"elementor-widget-container\">\n\t\t\t\t\t\t\t\t\t<p>\u00a0<\/p><ul><li><b>No tener en cuenta la decoraci\u00f3n del hogar:<\/b> El ventilador debe integrarse con el estilo de tus muebles y luminarias para mantener un ambiente arm\u00f3nico y agradable.<\/li><\/ul><ul><li><b>Seleccionar ventiladores con iluminaci\u00f3n insuficiente o no regulable<\/b>: La luz debe adaptarse a la funci\u00f3n del espacio. Siempre que sea posible, elige modelos con iluminaci\u00f3n regulable para mayor versatilidad.<\/li><\/ul><ul><li><b>Olvidar las necesidades espec\u00edficas de cada estancia:<\/b> No es lo mismo elegir un ventilador para el sal\u00f3n que para el dormitorio. En un dormitorio se busca silencio y una luz c\u00e1lida y suave; en cambio, en el sal\u00f3n puede tolerarse algo de ruido y se prefiere una iluminaci\u00f3n m\u00e1s potente o regulable.<\/li><\/ul><ul><li><b>No tener en cuenta la dom\u00f3tica del hogar:<\/b> Si ya usas tecnolog\u00eda inteligente en casa, lo ideal es optar por un ventilador compatible. Y si a\u00fan no has dado el paso, un ventilador inteligente puede ser una excelente forma de comenzar.<\/li><\/ul>\t\t\t\t\t\t\t\t<\/div>\n\t\t\t\t<\/div>\n\t\t\t\t\t<\/div>\n\t\t<\/div>\n\t\t\t\t\t<\/div>\n\t\t<\/section>\n\t\t\t\t<section class=\"elementor-section elementor-top-section elementor-element elementor-element-3cb759ce elementor-section-boxed elementor-section-height-default elementor-section-height-default\" data-id=\"3cb759ce\" data-element_type=\"section\" data-e-type=\"section\">\n\t\t\t\t\t\t<div class=\"elementor-container elementor-column-gap-custom\">\n\t\t\t\t\t<div class=\"elementor-column elementor-col-33 elementor-top-column elementor-element elementor-element-6606886a\" data-id=\"6606886a\" data-element_type=\"column\" data-e-type=\"column\">\n\t\t\t<div class=\"elementor-widget-wrap elementor-element-populated\">\n\t\t\t\t\t\t<div class=\"elementor-element elementor-element-2ba6d90 elementor-widget elementor-widget-image\" data-id=\"2ba6d90\" data-element_type=\"widget\" data-e-type=\"widget\" data-widget_type=\"image.default\">\n\t\t\t\t<div class=\"elementor-widget-container\">\n\t\t\t\t\t\t\t\t\t\t\t\t\t\t\t\t<a href=\"https:\/\/www.leonleds.com\/es\/ventilador-de-techo-led-stel-tl-mini-rgb-o82cm-31w-2980lm-cct-dim.html\">\n\t\t\t\t\t\t\t<img loading=\"lazy\" decoding=\"async\" width=\"1024\" height=\"1024\" src=\"https:\/\/www.leonleds.com\/blog\/wp-content\/uploads\/2025\/05\/STEL-TL-cristal-record.png\" class=\"attachment-large size-large wp-image-4804\" alt=\"\" srcset=\"https:\/\/www.leonleds.com\/blog\/wp-content\/uploads\/2025\/05\/STEL-TL-cristal-record.png 1024w, https:\/\/www.leonleds.com\/blog\/wp-content\/uploads\/2025\/05\/STEL-TL-cristal-record-300x300.png 300w, https:\/\/www.leonleds.com\/blog\/wp-content\/uploads\/2025\/05\/STEL-TL-cristal-record-150x150.png 150w, https:\/\/www.leonleds.com\/blog\/wp-content\/uploads\/2025\/05\/STEL-TL-cristal-record-768x768.png 768w\" sizes=\"(max-width: 1024px) 100vw, 1024px\" \/>\t\t\t\t\t\t\t\t<\/a>\n\t\t\t\t\t\t\t\t\t\t\t\t\t\t\t<\/div>\n\t\t\t\t<\/div>\n\t\t\t\t\t<\/div>\n\t\t<\/div>\n\t\t\t\t<div class=\"elementor-column elementor-col-33 elementor-top-column elementor-element elementor-element-5649158e\" data-id=\"5649158e\" data-element_type=\"column\" data-e-type=\"column\">\n\t\t\t<div class=\"elementor-widget-wrap elementor-element-populated\">\n\t\t\t\t\t\t<div class=\"elementor-element elementor-element-2eeab448 elementor-widget elementor-widget-image\" data-id=\"2eeab448\" data-element_type=\"widget\" data-e-type=\"widget\" data-widget_type=\"image.default\">\n\t\t\t\t<div class=\"elementor-widget-container\">\n\t\t\t\t\t\t\t\t\t\t\t\t\t\t\t\t<a href=\"https:\/\/www.leonleds.com\/es\/ventilador-led-aspas-retractiles-paneco-45w-4400lm-cct-dim-con-temporizador.html\">\n\t\t\t\t\t\t\t<img loading=\"lazy\" decoding=\"async\" width=\"1024\" height=\"1024\" src=\"https:\/\/www.leonleds.com\/blog\/wp-content\/uploads\/2025\/05\/PANECO-cristal-record.png\" class=\"attachment-large size-large wp-image-4802\" alt=\"\" srcset=\"https:\/\/www.leonleds.com\/blog\/wp-content\/uploads\/2025\/05\/PANECO-cristal-record.png 1024w, https:\/\/www.leonleds.com\/blog\/wp-content\/uploads\/2025\/05\/PANECO-cristal-record-300x300.png 300w, https:\/\/www.leonleds.com\/blog\/wp-content\/uploads\/2025\/05\/PANECO-cristal-record-150x150.png 150w, https:\/\/www.leonleds.com\/blog\/wp-content\/uploads\/2025\/05\/PANECO-cristal-record-768x768.png 768w\" sizes=\"(max-width: 1024px) 100vw, 1024px\" \/>\t\t\t\t\t\t\t\t<\/a>\n\t\t\t\t\t\t\t\t\t\t\t\t\t\t\t<\/div>\n\t\t\t\t<\/div>\n\t\t\t\t\t<\/div>\n\t\t<\/div>\n\t\t\t\t<div class=\"elementor-column elementor-col-33 elementor-top-column elementor-element elementor-element-4be55821\" data-id=\"4be55821\" data-element_type=\"column\" data-e-type=\"column\">\n\t\t\t<div class=\"elementor-widget-wrap elementor-element-populated\">\n\t\t\t\t\t\t<div class=\"elementor-element elementor-element-29be85f6 elementor-widget elementor-widget-image\" data-id=\"29be85f6\" data-element_type=\"widget\" data-e-type=\"widget\" data-widget_type=\"image.default\">\n\t\t\t\t<div class=\"elementor-widget-container\">\n\t\t\t\t\t\t\t\t\t\t\t\t\t\t\t\t<a href=\"https:\/\/www.leonleds.com\/es\/ventilador-led-aspas-retractiles-stars-evo-72w-7920lm-cct-dim-smart.html\">\n\t\t\t\t\t\t\t<img loading=\"lazy\" decoding=\"async\" width=\"1024\" height=\"1024\" src=\"https:\/\/www.leonleds.com\/blog\/wp-content\/uploads\/2025\/05\/STARS-EVO-cristal-record.png\" class=\"attachment-large size-large wp-image-4803\" alt=\"\" srcset=\"https:\/\/www.leonleds.com\/blog\/wp-content\/uploads\/2025\/05\/STARS-EVO-cristal-record.png 1024w, https:\/\/www.leonleds.com\/blog\/wp-content\/uploads\/2025\/05\/STARS-EVO-cristal-record-300x300.png 300w, https:\/\/www.leonleds.com\/blog\/wp-content\/uploads\/2025\/05\/STARS-EVO-cristal-record-150x150.png 150w, https:\/\/www.leonleds.com\/blog\/wp-content\/uploads\/2025\/05\/STARS-EVO-cristal-record-768x768.png 768w\" sizes=\"(max-width: 1024px) 100vw, 1024px\" \/>\t\t\t\t\t\t\t\t<\/a>\n\t\t\t\t\t\t\t\t\t\t\t\t\t\t\t<\/div>\n\t\t\t\t<\/div>\n\t\t\t\t\t<\/div>\n\t\t<\/div>\n\t\t\t\t\t<\/div>\n\t\t<\/section>\n\t\t\t\t<section class=\"elementor-section elementor-top-section elementor-element elementor-element-a164705 elementor-section-boxed elementor-section-height-default elementor-section-height-default\" data-id=\"a164705\" data-element_type=\"section\" data-e-type=\"section\">\n\t\t\t\t\t\t<div class=\"elementor-container elementor-column-gap-default\">\n\t\t\t\t\t<div class=\"elementor-column elementor-col-100 elementor-top-column elementor-element elementor-element-1d949330\" data-id=\"1d949330\" data-element_type=\"column\" data-e-type=\"column\">\n\t\t\t<div class=\"elementor-widget-wrap elementor-element-populated\">\n\t\t\t\t\t\t<div class=\"elementor-element elementor-element-83e2b15 elementor-widget elementor-widget-text-editor\" data-id=\"83e2b15\" data-element_type=\"widget\" data-e-type=\"widget\" data-widget_type=\"text-editor.default\">\n\t\t\t\t<div class=\"elementor-widget-container\">\n\t\t\t\t\t\t\t\t\t<div>\n<p><span style=\"font-size: inherit;\">Elegir bien tu <b>ventilador de techo<\/b> es clave para disfrutar del verano con comodidad y estilo. En<\/span> <b><a style=\"font-size: inherit;\" href=\"https:\/\/www.leonleds.com\/es\/\">LeonLeds<\/a> <\/b><span style=\"font-size: inherit;\">podemos asesorarte para que encuentres el modelo perfecto seg\u00fan tus necesidades. <b>\u00a1Cuenta con nosotros!<\/b><\/span><\/p>\n<\/div>\t\t\t\t\t\t\t\t<\/div>\n\t\t\t\t<\/div>\n\t\t\t\t\t<\/div>\n\t\t<\/div>\n\t\t\t\t\t<\/div>\n\t\t<\/section>\n\t\t\t\t<\/div>\n\t\t","protected":false},"excerpt":{"rendered":"<p>En las temporadas de calor, los ventiladores se vuelven imprescindibles en nuestros hogares. Sin embargo, en lugar de ser nuestra salvaci\u00f3n, pueden convertirse en nuestra peor pesadilla. Elegir el ventilador ideal para nuestras necesidades no siempre es f\u00e1cil, pero no te preocupes, \u00a1nosotros te ayudamos! \u00bfQu\u00e9 debemos evitar?\u00a0 Cada ventilador es un mundo, pero hay &#8230; <a title=\"7 errores que no debemos cometer con los ventiladores de techo\" class=\"read-more\" href=\"https:\/\/www.leonleds.com\/blog\/7-errores-que-no-debemos-cometer-con-los-ventiladores-de-techo\/\" aria-label=\"Leer m\u00e1s sobre 7 errores que no debemos cometer con los ventiladores de techo\">Leer m\u00e1s<\/a><\/p>\n","protected":false},"author":1,"featured_media":4930,"comment_status":"open","ping_status":"open","sticky":false,"template":"","format":"standard","meta":{"footnotes":""},"categories":[7,6],"tags":[66,67,125,151,170,544,543,300,306,307,309,310],"class_list":["post-4799","post","type-post","status-publish","format-standard","has-post-thumbnail","hentry","category-iluminacion-interior","category-informacion-led","tag-como-elegir-el-mejor-ventilador-de-techo","tag-como-elegir-un-ventilador-de-techo","tag-iluminacion-2","tag-iluminacion-led","tag-iluminacion-para-el-hogar","tag-que-ventilador-de-techo-escoger-2","tag-ventilador-2","tag-ventilador-de-techo","tag-ventiladores","tag-ventiladores-de-techo","tag-ventiladores-led","tag-ventiladores-led-de-techo"],"_links":{"self":[{"href":"https:\/\/www.leonleds.com\/blog\/wp-json\/wp\/v2\/posts\/4799","targetHints":{"allow":["GET"]}}],"collection":[{"href":"https:\/\/www.leonleds.com\/blog\/wp-json\/wp\/v2\/posts"}],"about":[{"href":"https:\/\/www.leonleds.com\/blog\/wp-json\/wp\/v2\/types\/post"}],"author":[{"embeddable":true,"href":"https:\/\/www.leonleds.com\/blog\/wp-json\/wp\/v2\/users\/1"}],"replies":[{"embeddable":true,"href":"https:\/\/www.leonleds.com\/blog\/wp-json\/wp\/v2\/comments?post=4799"}],"version-history":[{"count":13,"href":"https:\/\/www.leonleds.com\/blog\/wp-json\/wp\/v2\/posts\/4799\/revisions"}],"predecessor-version":[{"id":4824,"href":"https:\/\/www.leonleds.com\/blog\/wp-json\/wp\/v2\/posts\/4799\/revisions\/4824"}],"wp:featuredmedia":[{"embeddable":true,"href":"https:\/\/www.leonleds.com\/blog\/wp-json\/wp\/v2\/media\/4930"}],"wp:attachment":[{"href":"https:\/\/www.leonleds.com\/blog\/wp-json\/wp\/v2\/media?parent=4799"}],"wp:term":[{"taxonomy":"category","embeddable":true,"href":"https:\/\/www.leonleds.com\/blog\/wp-json\/wp\/v2\/categories?post=4799"},{"taxonomy":"post_tag","embeddable":true,"href":"https:\/\/www.leonleds.com\/blog\/wp-json\/wp\/v2\/tags?post=4799"}],"curies":[{"name":"wp","href":"https:\/\/api.w.org\/{rel}","templated":true}]}}