{"id":4844,"date":"2025-07-03T13:00:43","date_gmt":"2025-07-03T11:00:43","guid":{"rendered":"https:\/\/www.leonleds.com\/blog\/?p=4844"},"modified":"2025-08-07T12:20:30","modified_gmt":"2025-08-07T10:20:30","slug":"ventilador-y-lampara-el-mejor-invento-para-teletrabajar-este-verano","status":"publish","type":"post","link":"https:\/\/www.leonleds.com\/blog\/ventilador-y-lampara-el-mejor-invento-para-teletrabajar-este-verano\/","title":{"rendered":"Ventilador y l\u00e1mpara: el mejor invento para teletrabajar este verano"},"content":{"rendered":"\t\t<div data-elementor-type=\"wp-post\" data-elementor-id=\"4844\" class=\"elementor elementor-4844\">\n\t\t\t\t\t\t<section class=\"elementor-section elementor-top-section elementor-element elementor-element-209d8fb0 elementor-section-boxed elementor-section-height-default elementor-section-height-default\" data-id=\"209d8fb0\" data-element_type=\"section\" data-e-type=\"section\">\n\t\t\t\t\t\t<div class=\"elementor-container elementor-column-gap-default\">\n\t\t\t\t\t\t<\/div>\n\t\t<\/section>\n\t\t\t\t<section class=\"elementor-section elementor-top-section elementor-element elementor-element-3998ed5c elementor-section-boxed elementor-section-height-default elementor-section-height-default\" data-id=\"3998ed5c\" data-element_type=\"section\" data-e-type=\"section\">\n\t\t\t\t\t\t<div class=\"elementor-container elementor-column-gap-default\">\n\t\t\t\t\t<div class=\"elementor-column elementor-col-100 elementor-top-column elementor-element elementor-element-712f1a7e\" data-id=\"712f1a7e\" data-element_type=\"column\" data-e-type=\"column\">\n\t\t\t<div class=\"elementor-widget-wrap elementor-element-populated\">\n\t\t\t\t\t\t<div class=\"elementor-element elementor-element-715ccdb4 elementor-widget elementor-widget-text-editor\" data-id=\"715ccdb4\" data-element_type=\"widget\" data-e-type=\"widget\" data-widget_type=\"text-editor.default\">\n\t\t\t\t<div class=\"elementor-widget-container\">\n\t\t\t\t\t\t\t\t\t<div>\u00a0<\/div><div><p><span style=\"font-size: inherit;\">Llega el <b>verano<\/b> y, con \u00e9l, esa sensaci\u00f3n de derretirte lentamente mientras intentas concentrarte frente al port\u00e1til. La luz te deslumbra, el aire no se mueve y tu motivaci\u00f3n se evapora. Si sientes que tu \u00aboficina en casa\u00bb se ha convertido en una sauna mal iluminada, tranquilo: no eres el \u00fanico. Pero por suerte, existe un invento tan simple como genial que <b>puede cambiar tu rutina veraniega<\/b> sin obras ni complicaciones.<\/span><\/p><\/div>\t\t\t\t\t\t\t\t<\/div>\n\t\t\t\t<\/div>\n\t\t\t\t\t<\/div>\n\t\t<\/div>\n\t\t\t\t\t<\/div>\n\t\t<\/section>\n\t\t\t\t<section class=\"elementor-section elementor-top-section elementor-element elementor-element-5c5872b8 elementor-section-boxed elementor-section-height-default elementor-section-height-default\" data-id=\"5c5872b8\" data-element_type=\"section\" data-e-type=\"section\">\n\t\t\t\t\t\t<div class=\"elementor-container elementor-column-gap-default\">\n\t\t\t\t\t<div class=\"elementor-column elementor-col-100 elementor-top-column elementor-element elementor-element-53b81dbe\" data-id=\"53b81dbe\" data-element_type=\"column\" data-e-type=\"column\">\n\t\t\t<div class=\"elementor-widget-wrap elementor-element-populated\">\n\t\t\t\t\t\t<div class=\"elementor-element elementor-element-21f717cf elementor-widget__width-initial elementor-widget elementor-widget-text-editor\" data-id=\"21f717cf\" data-element_type=\"widget\" data-e-type=\"widget\" data-widget_type=\"text-editor.default\">\n\t\t\t\t<div class=\"elementor-widget-container\">\n\t\t\t\t\t\t\t\t\t<div><div><h4><strong>La soluci\u00f3n: Ventilador y l\u00e1mpara<\/strong><\/h4><\/div><div><div><div><p>La soluci\u00f3n para este problema es m\u00e1s sencilla de lo que parece:<b> un ventilador con fuente de luz<\/b>. No solo ilumina tu espacio de trabajo durante todo el a\u00f1o, sino que tambi\u00e9n te refresca en verano, permiti\u00e9ndote trabajar con comodidad. Adem\u00e1s, al integrar ambas funciones en un solo dispositivo, <b>ahorras espacio y energ\u00eda<\/b>.<\/p><\/div><\/div><\/div><\/div>\t\t\t\t\t\t\t\t<\/div>\n\t\t\t\t<\/div>\n\t\t\t\t\t<\/div>\n\t\t<\/div>\n\t\t\t\t\t<\/div>\n\t\t<\/section>\n\t\t\t\t<section class=\"elementor-section elementor-top-section elementor-element elementor-element-8b03957 elementor-section-boxed elementor-section-height-default elementor-section-height-default\" data-id=\"8b03957\" data-element_type=\"section\" data-e-type=\"section\">\n\t\t\t\t\t\t<div class=\"elementor-container elementor-column-gap-custom\">\n\t\t\t\t\t<div class=\"elementor-column elementor-col-33 elementor-top-column elementor-element elementor-element-7a32fa22\" data-id=\"7a32fa22\" data-element_type=\"column\" data-e-type=\"column\">\n\t\t\t<div class=\"elementor-widget-wrap elementor-element-populated\">\n\t\t\t\t\t\t<div class=\"elementor-element elementor-element-67f59988 elementor-widget elementor-widget-image\" data-id=\"67f59988\" data-element_type=\"widget\" data-e-type=\"widget\" data-widget_type=\"image.default\">\n\t\t\t\t<div class=\"elementor-widget-container\">\n\t\t\t\t\t\t\t\t\t\t\t\t\t\t\t\t<a href=\"https:\/\/www.leonleds.com\/es\/ventilador-led-pequeno-epona-blanco-mas-aspas-madera-20w-2000lm-cct-dim-con-mando-a-distancia\">\n\t\t\t\t\t\t\t<img fetchpriority=\"high\" decoding=\"async\" width=\"1024\" height=\"1024\" src=\"https:\/\/www.leonleds.com\/blog\/wp-content\/uploads\/2025\/05\/Vnetilador-epona-cristal-record.png\" class=\"attachment-large size-large wp-image-4832\" alt=\"\" srcset=\"https:\/\/www.leonleds.com\/blog\/wp-content\/uploads\/2025\/05\/Vnetilador-epona-cristal-record.png 1024w, https:\/\/www.leonleds.com\/blog\/wp-content\/uploads\/2025\/05\/Vnetilador-epona-cristal-record-300x300.png 300w, https:\/\/www.leonleds.com\/blog\/wp-content\/uploads\/2025\/05\/Vnetilador-epona-cristal-record-150x150.png 150w, https:\/\/www.leonleds.com\/blog\/wp-content\/uploads\/2025\/05\/Vnetilador-epona-cristal-record-768x768.png 768w\" sizes=\"(max-width: 1024px) 100vw, 1024px\" \/>\t\t\t\t\t\t\t\t<\/a>\n\t\t\t\t\t\t\t\t\t\t\t\t\t\t\t<\/div>\n\t\t\t\t<\/div>\n\t\t\t\t\t<\/div>\n\t\t<\/div>\n\t\t\t\t<div class=\"elementor-column elementor-col-33 elementor-top-column elementor-element elementor-element-2ec2126a\" data-id=\"2ec2126a\" data-element_type=\"column\" data-e-type=\"column\">\n\t\t\t<div class=\"elementor-widget-wrap elementor-element-populated\">\n\t\t\t\t\t\t<div class=\"elementor-element elementor-element-348ba65c elementor-widget elementor-widget-image\" data-id=\"348ba65c\" data-element_type=\"widget\" data-e-type=\"widget\" data-widget_type=\"image.default\">\n\t\t\t\t<div class=\"elementor-widget-container\">\n\t\t\t\t\t\t\t\t\t\t\t\t\t\t\t\t<a href=\"https:\/\/www.leonleds.com\/es\/ventilador-de-techo-natural-con-luz-greip-de-cuerda-de-fibras-naturales-4xe27.html\">\n\t\t\t\t\t\t\t<img decoding=\"async\" width=\"1024\" height=\"1024\" src=\"https:\/\/www.leonleds.com\/blog\/wp-content\/uploads\/2025\/05\/Ventilador-GREIP-Cristalrecord.png\" class=\"attachment-large size-large wp-image-4833\" alt=\"\" srcset=\"https:\/\/www.leonleds.com\/blog\/wp-content\/uploads\/2025\/05\/Ventilador-GREIP-Cristalrecord.png 1024w, https:\/\/www.leonleds.com\/blog\/wp-content\/uploads\/2025\/05\/Ventilador-GREIP-Cristalrecord-300x300.png 300w, https:\/\/www.leonleds.com\/blog\/wp-content\/uploads\/2025\/05\/Ventilador-GREIP-Cristalrecord-150x150.png 150w, https:\/\/www.leonleds.com\/blog\/wp-content\/uploads\/2025\/05\/Ventilador-GREIP-Cristalrecord-768x768.png 768w\" sizes=\"(max-width: 1024px) 100vw, 1024px\" \/>\t\t\t\t\t\t\t\t<\/a>\n\t\t\t\t\t\t\t\t\t\t\t\t\t\t\t<\/div>\n\t\t\t\t<\/div>\n\t\t\t\t\t<\/div>\n\t\t<\/div>\n\t\t\t\t<div class=\"elementor-column elementor-col-33 elementor-top-column elementor-element elementor-element-4b817684\" data-id=\"4b817684\" data-element_type=\"column\" data-e-type=\"column\">\n\t\t\t<div class=\"elementor-widget-wrap elementor-element-populated\">\n\t\t\t\t\t\t<div class=\"elementor-element elementor-element-75af12bd elementor-widget__width-initial elementor-widget elementor-widget-image\" data-id=\"75af12bd\" data-element_type=\"widget\" data-e-type=\"widget\" data-widget_type=\"image.default\">\n\t\t\t\t<div class=\"elementor-widget-container\">\n\t\t\t\t\t\t\t\t\t\t\t\t\t\t\t\t<a href=\"https:\/\/www.leonleds.com\/es\/ventilador-de-techo-led-moll-pequeno-negromadera-20w-1900lm-cct-dim.html\">\n\t\t\t\t\t\t\t<img decoding=\"async\" width=\"1024\" height=\"1024\" src=\"https:\/\/www.leonleds.com\/blog\/wp-content\/uploads\/2025\/05\/Ventilador-con-luz-MOLL-cristal-record.png\" class=\"attachment-large size-large wp-image-4838\" alt=\"\" srcset=\"https:\/\/www.leonleds.com\/blog\/wp-content\/uploads\/2025\/05\/Ventilador-con-luz-MOLL-cristal-record.png 1024w, https:\/\/www.leonleds.com\/blog\/wp-content\/uploads\/2025\/05\/Ventilador-con-luz-MOLL-cristal-record-300x300.png 300w, https:\/\/www.leonleds.com\/blog\/wp-content\/uploads\/2025\/05\/Ventilador-con-luz-MOLL-cristal-record-150x150.png 150w, https:\/\/www.leonleds.com\/blog\/wp-content\/uploads\/2025\/05\/Ventilador-con-luz-MOLL-cristal-record-768x768.png 768w\" sizes=\"(max-width: 1024px) 100vw, 1024px\" \/>\t\t\t\t\t\t\t\t<\/a>\n\t\t\t\t\t\t\t\t\t\t\t\t\t\t\t<\/div>\n\t\t\t\t<\/div>\n\t\t\t\t\t<\/div>\n\t\t<\/div>\n\t\t\t\t\t<\/div>\n\t\t<\/section>\n\t\t\t\t<section class=\"elementor-section elementor-top-section elementor-element elementor-element-67656bd3 elementor-section-boxed elementor-section-height-default elementor-section-height-default\" data-id=\"67656bd3\" data-element_type=\"section\" data-e-type=\"section\">\n\t\t\t\t\t\t<div class=\"elementor-container elementor-column-gap-default\">\n\t\t\t\t\t<div class=\"elementor-column elementor-col-100 elementor-top-column elementor-element elementor-element-1ace7380\" data-id=\"1ace7380\" data-element_type=\"column\" data-e-type=\"column\">\n\t\t\t<div class=\"elementor-widget-wrap elementor-element-populated\">\n\t\t\t\t\t\t<div class=\"elementor-element elementor-element-1eed2c34 elementor-widget elementor-widget-text-editor\" data-id=\"1eed2c34\" data-element_type=\"widget\" data-e-type=\"widget\" data-widget_type=\"text-editor.default\">\n\t\t\t\t<div class=\"elementor-widget-container\">\n\t\t\t\t\t\t\t\t\t<div><div><h4><b>\u00bfC\u00faales son sus beneficios?<\/b><\/h4><\/div><ul><li><b>Evita la fatiga<\/b>: El calor puede agotar y afectar negativamente al estado de \u00e1nimo. Un ventilador con luz ayuda a mantener un ambiente m\u00e1s fresco y agradable, ideal para concentrarte y rendir mejor durante la jornada.<\/li><\/ul><ul><li><b>Repele insectos<\/b>: Las corrientes de aire en movimiento son molestas para los insectos, as\u00ed que podr\u00e1s trabajar sin interrupciones ni visitas no deseadas.<\/li><\/ul><ul><li><b>iluminaci\u00f3n adaptable<\/b>: : La mayor\u00eda de estos ventiladores integran iluminaci\u00f3n LED, muchas veces regulable, lo que te permite ajustar la intensidad y el tono seg\u00fan la hora del d\u00eda o tu necesidad.<\/li><\/ul><ul><li><b>Perfecto para cualquier estancia<\/b>: No todos tienen un despacho en casa, y muchos teletrabajan desde el sal\u00f3n, el dormitorio o incluso el pasillo. Al instalarse en techo o pared, estos ventiladores no ocupan espacio \u00fatil y, gracias a sus opciones de regulaci\u00f3n, tendr\u00e1s la luz perfecta tanto para trabajar como para descansar.<\/li><\/ul><\/div>\t\t\t\t\t\t\t\t<\/div>\n\t\t\t\t<\/div>\n\t\t\t\t\t<\/div>\n\t\t<\/div>\n\t\t\t\t\t<\/div>\n\t\t<\/section>\n\t\t\t\t<section class=\"elementor-section elementor-top-section elementor-element elementor-element-13de807f elementor-section-boxed elementor-section-height-default elementor-section-height-default\" data-id=\"13de807f\" data-element_type=\"section\" data-e-type=\"section\">\n\t\t\t\t\t\t<div class=\"elementor-container elementor-column-gap-custom\">\n\t\t\t\t\t<div class=\"elementor-column elementor-col-33 elementor-top-column elementor-element elementor-element-7888a159\" data-id=\"7888a159\" data-element_type=\"column\" data-e-type=\"column\">\n\t\t\t<div class=\"elementor-widget-wrap elementor-element-populated\">\n\t\t\t\t\t\t<div class=\"elementor-element elementor-element-78bc522f elementor-widget elementor-widget-image\" data-id=\"78bc522f\" data-element_type=\"widget\" data-e-type=\"widget\" data-widget_type=\"image.default\">\n\t\t\t\t<div class=\"elementor-widget-container\">\n\t\t\t\t\t\t\t\t\t\t\t\t\t\t\t\t<a href=\"https:\/\/www.leonleds.com\/es\/ventilador-de-techo-mini-led-blanco-nepal.html\">\n\t\t\t\t\t\t\t<img loading=\"lazy\" decoding=\"async\" width=\"1024\" height=\"1024\" src=\"https:\/\/www.leonleds.com\/blog\/wp-content\/uploads\/2025\/05\/Ventilador-con-luz-Nepal-Mantra.png\" class=\"attachment-large size-large wp-image-4835\" alt=\"\" srcset=\"https:\/\/www.leonleds.com\/blog\/wp-content\/uploads\/2025\/05\/Ventilador-con-luz-Nepal-Mantra.png 1024w, https:\/\/www.leonleds.com\/blog\/wp-content\/uploads\/2025\/05\/Ventilador-con-luz-Nepal-Mantra-300x300.png 300w, https:\/\/www.leonleds.com\/blog\/wp-content\/uploads\/2025\/05\/Ventilador-con-luz-Nepal-Mantra-150x150.png 150w, https:\/\/www.leonleds.com\/blog\/wp-content\/uploads\/2025\/05\/Ventilador-con-luz-Nepal-Mantra-768x768.png 768w\" sizes=\"(max-width: 1024px) 100vw, 1024px\" \/>\t\t\t\t\t\t\t\t<\/a>\n\t\t\t\t\t\t\t\t\t\t\t\t\t\t\t<\/div>\n\t\t\t\t<\/div>\n\t\t\t\t\t<\/div>\n\t\t<\/div>\n\t\t\t\t<div class=\"elementor-column elementor-col-33 elementor-top-column elementor-element elementor-element-2adca2a\" data-id=\"2adca2a\" data-element_type=\"column\" data-e-type=\"column\">\n\t\t\t<div class=\"elementor-widget-wrap elementor-element-populated\">\n\t\t\t\t\t\t<div class=\"elementor-element elementor-element-4316be21 elementor-widget elementor-widget-image\" data-id=\"4316be21\" data-element_type=\"widget\" data-e-type=\"widget\" data-widget_type=\"image.default\">\n\t\t\t\t<div class=\"elementor-widget-container\">\n\t\t\t\t\t\t\t\t\t\t\t\t\t\t\t\t<a href=\"https:\/\/www.leonleds.com\/es\/ventilador-de-techo-led-aspas-plegables-moss-mini-niquel-46w-5520lm-cct-dim.html\">\n\t\t\t\t\t\t\t<img loading=\"lazy\" decoding=\"async\" width=\"1024\" height=\"1024\" src=\"https:\/\/www.leonleds.com\/blog\/wp-content\/uploads\/2025\/05\/Ventilador-con-luz-MOSS-cristal-record.png\" class=\"attachment-large size-large wp-image-4836\" alt=\"\" srcset=\"https:\/\/www.leonleds.com\/blog\/wp-content\/uploads\/2025\/05\/Ventilador-con-luz-MOSS-cristal-record.png 1024w, https:\/\/www.leonleds.com\/blog\/wp-content\/uploads\/2025\/05\/Ventilador-con-luz-MOSS-cristal-record-300x300.png 300w, https:\/\/www.leonleds.com\/blog\/wp-content\/uploads\/2025\/05\/Ventilador-con-luz-MOSS-cristal-record-150x150.png 150w, https:\/\/www.leonleds.com\/blog\/wp-content\/uploads\/2025\/05\/Ventilador-con-luz-MOSS-cristal-record-768x768.png 768w\" sizes=\"(max-width: 1024px) 100vw, 1024px\" \/>\t\t\t\t\t\t\t\t<\/a>\n\t\t\t\t\t\t\t\t\t\t\t\t\t\t\t<\/div>\n\t\t\t\t<\/div>\n\t\t\t\t\t<\/div>\n\t\t<\/div>\n\t\t\t\t<div class=\"elementor-column elementor-col-33 elementor-top-column elementor-element elementor-element-2c93fc4\" data-id=\"2c93fc4\" data-element_type=\"column\" data-e-type=\"column\">\n\t\t\t<div class=\"elementor-widget-wrap elementor-element-populated\">\n\t\t\t\t\t\t<div class=\"elementor-element elementor-element-7834d84e elementor-widget elementor-widget-image\" data-id=\"7834d84e\" data-element_type=\"widget\" data-e-type=\"widget\" data-widget_type=\"image.default\">\n\t\t\t\t<div class=\"elementor-widget-container\">\n\t\t\t\t\t\t\t\t\t\t\t\t\t\t\t\t<a href=\"https:\/\/www.leonleds.com\/es\/plafon-led-ventilador-para-techo-o-pared-alan-move-38w-dc.html\">\n\t\t\t\t\t\t\t<img loading=\"lazy\" decoding=\"async\" width=\"1024\" height=\"1024\" src=\"https:\/\/www.leonleds.com\/blog\/wp-content\/uploads\/2025\/05\/Ventilador-con-luz-MONTY-sulion.png\" class=\"attachment-large size-large wp-image-4837\" alt=\"\" srcset=\"https:\/\/www.leonleds.com\/blog\/wp-content\/uploads\/2025\/05\/Ventilador-con-luz-MONTY-sulion.png 1024w, https:\/\/www.leonleds.com\/blog\/wp-content\/uploads\/2025\/05\/Ventilador-con-luz-MONTY-sulion-300x300.png 300w, https:\/\/www.leonleds.com\/blog\/wp-content\/uploads\/2025\/05\/Ventilador-con-luz-MONTY-sulion-150x150.png 150w, https:\/\/www.leonleds.com\/blog\/wp-content\/uploads\/2025\/05\/Ventilador-con-luz-MONTY-sulion-768x768.png 768w\" sizes=\"(max-width: 1024px) 100vw, 1024px\" \/>\t\t\t\t\t\t\t\t<\/a>\n\t\t\t\t\t\t\t\t\t\t\t\t\t\t\t<\/div>\n\t\t\t\t<\/div>\n\t\t\t\t\t<\/div>\n\t\t<\/div>\n\t\t\t\t\t<\/div>\n\t\t<\/section>\n\t\t\t\t<section class=\"elementor-section elementor-top-section elementor-element elementor-element-7422f907 elementor-section-boxed elementor-section-height-default elementor-section-height-default\" data-id=\"7422f907\" data-element_type=\"section\" data-e-type=\"section\">\n\t\t\t\t\t\t<div class=\"elementor-container elementor-column-gap-default\">\n\t\t\t\t\t<div class=\"elementor-column elementor-col-100 elementor-top-column elementor-element elementor-element-2fa13aee\" data-id=\"2fa13aee\" data-element_type=\"column\" data-e-type=\"column\">\n\t\t\t<div class=\"elementor-widget-wrap elementor-element-populated\">\n\t\t\t\t\t\t<div class=\"elementor-element elementor-element-c7a3745 elementor-widget elementor-widget-text-editor\" data-id=\"c7a3745\" data-element_type=\"widget\" data-e-type=\"widget\" data-widget_type=\"text-editor.default\">\n\t\t\t\t<div class=\"elementor-widget-container\">\n\t\t\t\t\t\t\t\t\t<p data-start=\"130\" data-end=\"382\">En definitiva, un ventilador con luz es la soluci\u00f3n perfecta para teletrabajar en verano sin morir de calor. Es pr\u00e1ctico, est\u00e9tico, eficiente y se adapta a cualquier rinc\u00f3n de casa, por muy improvisada que sea tu oficina.<\/p>\n<p data-start=\"384\" data-end=\"571\" data-is-last-node=\"\" data-is-only-node=\"\">En&nbsp;<a href=\"https:\/\/www.leonleds.com\/es\/\" target=\"_blank\"><b><u>LeonLeds<\/u><\/b><\/a>&nbsp;te ayudamos a elegir el modelo ideal para ti. Mejora tu espacio de trabajo con estilo, frescura y buena luz. \u00a1Cuenta con nosotros para hacer tu verano mucho m\u00e1s llevadero!<\/p>\t\t\t\t\t\t\t\t<\/div>\n\t\t\t\t<\/div>\n\t\t\t\t\t<\/div>\n\t\t<\/div>\n\t\t\t\t\t<\/div>\n\t\t<\/section>\n\t\t\t\t<\/div>\n\t\t","protected":false},"excerpt":{"rendered":"<p>\u00a0 Llega el verano y, con \u00e9l, esa sensaci\u00f3n de derretirte lentamente mientras intentas concentrarte frente al port\u00e1til. La luz te deslumbra, el aire no se mueve y tu motivaci\u00f3n se evapora. Si sientes que tu \u00aboficina en casa\u00bb se ha convertido en una sauna mal iluminada, tranquilo: no eres el \u00fanico. Pero por suerte, &#8230; <a title=\"Ventilador y l\u00e1mpara: el mejor invento para teletrabajar este verano\" class=\"read-more\" href=\"https:\/\/www.leonleds.com\/blog\/ventilador-y-lampara-el-mejor-invento-para-teletrabajar-este-verano\/\" aria-label=\"Leer m\u00e1s sobre Ventilador y l\u00e1mpara: el mejor invento para teletrabajar este verano\">Leer m\u00e1s<\/a><\/p>\n","protected":false},"author":1,"featured_media":4931,"comment_status":"open","ping_status":"open","sticky":false,"template":"","format":"standard","meta":{"footnotes":""},"categories":[7,6,11],"tags":[125,449,151,170,448,529,455,452,300,306],"class_list":["post-4844","post","type-post","status-publish","format-standard","has-post-thumbnail","hentry","category-iluminacion-interior","category-informacion-led","category-ventiladores","tag-iluminacion-2","tag-iluminacion-en-el-teletrabajo","tag-iluminacion-led","tag-iluminacion-para-el-hogar","tag-iluminacion-para-el-teletrabajo","tag-iluminacion-para-oficina","tag-oficina-en-casa","tag-teletrabajo","tag-ventilador-de-techo","tag-ventiladores"],"_links":{"self":[{"href":"https:\/\/www.leonleds.com\/blog\/wp-json\/wp\/v2\/posts\/4844","targetHints":{"allow":["GET"]}}],"collection":[{"href":"https:\/\/www.leonleds.com\/blog\/wp-json\/wp\/v2\/posts"}],"about":[{"href":"https:\/\/www.leonleds.com\/blog\/wp-json\/wp\/v2\/types\/post"}],"author":[{"embeddable":true,"href":"https:\/\/www.leonleds.com\/blog\/wp-json\/wp\/v2\/users\/1"}],"replies":[{"embeddable":true,"href":"https:\/\/www.leonleds.com\/blog\/wp-json\/wp\/v2\/comments?post=4844"}],"version-history":[{"count":17,"href":"https:\/\/www.leonleds.com\/blog\/wp-json\/wp\/v2\/posts\/4844\/revisions"}],"predecessor-version":[{"id":4901,"href":"https:\/\/www.leonleds.com\/blog\/wp-json\/wp\/v2\/posts\/4844\/revisions\/4901"}],"wp:featuredmedia":[{"embeddable":true,"href":"https:\/\/www.leonleds.com\/blog\/wp-json\/wp\/v2\/media\/4931"}],"wp:attachment":[{"href":"https:\/\/www.leonleds.com\/blog\/wp-json\/wp\/v2\/media?parent=4844"}],"wp:term":[{"taxonomy":"category","embeddable":true,"href":"https:\/\/www.leonleds.com\/blog\/wp-json\/wp\/v2\/categories?post=4844"},{"taxonomy":"post_tag","embeddable":true,"href":"https:\/\/www.leonleds.com\/blog\/wp-json\/wp\/v2\/tags?post=4844"}],"curies":[{"name":"wp","href":"https:\/\/api.w.org\/{rel}","templated":true}]}}