{"id":4917,"date":"2025-07-17T13:00:00","date_gmt":"2025-07-17T11:00:00","guid":{"rendered":"https:\/\/www.leonleds.com\/blog\/?p=4917"},"modified":"2025-08-07T12:20:08","modified_gmt":"2025-08-07T10:20:08","slug":"cuanta-luz-necesito-para-una-habitacion-como-calcularlo","status":"publish","type":"post","link":"https:\/\/www.leonleds.com\/blog\/cuanta-luz-necesito-para-una-habitacion-como-calcularlo\/","title":{"rendered":"Cu\u00e1nta luz necesito para una habitaci\u00f3n y c\u00f3mo calcularlo"},"content":{"rendered":"\t\t<div data-elementor-type=\"wp-post\" data-elementor-id=\"4917\" class=\"elementor elementor-4917\">\n\t\t\t\t\t\t<section class=\"elementor-section elementor-top-section elementor-element elementor-element-248d828b elementor-section-boxed elementor-section-height-default elementor-section-height-default\" data-id=\"248d828b\" data-element_type=\"section\" data-e-type=\"section\">\n\t\t\t\t\t\t<div class=\"elementor-container elementor-column-gap-default\">\n\t\t\t\t\t\t<\/div>\n\t\t<\/section>\n\t\t\t\t<section class=\"elementor-section elementor-top-section elementor-element elementor-element-7bd74ed6 elementor-section-boxed elementor-section-height-default elementor-section-height-default\" data-id=\"7bd74ed6\" data-element_type=\"section\" data-e-type=\"section\">\n\t\t\t\t\t\t<div class=\"elementor-container elementor-column-gap-default\">\n\t\t\t\t\t<div class=\"elementor-column elementor-col-100 elementor-top-column elementor-element elementor-element-4b661ee5\" data-id=\"4b661ee5\" data-element_type=\"column\" data-e-type=\"column\">\n\t\t\t<div class=\"elementor-widget-wrap elementor-element-populated\">\n\t\t\t\t\t\t<div class=\"elementor-element elementor-element-10fed242 elementor-widget elementor-widget-text-editor\" data-id=\"10fed242\" data-element_type=\"widget\" data-e-type=\"widget\" data-widget_type=\"text-editor.default\">\n\t\t\t\t<div class=\"elementor-widget-container\">\n\t\t\t\t\t\t\t\t\t<div><div><p><span style=\"font-size: 15.52px; letter-spacing: 0em;\">A la hora de iluminar tu hogar, una de las dudas m\u00e1s frecuentes es <strong>cu\u00e1nta luz necesitas en cada habitaci\u00f3n<\/strong>. Encontrar el equilibrio perfecto entre funcionalidad y confort no siempre es sencillo. Por eso, hoy te explicamos de forma sencilla c\u00f3mo calcular la cantidad de luz adecuada para cada estancia.<\/span><\/p><\/div><\/div>\t\t\t\t\t\t\t\t<\/div>\n\t\t\t\t<\/div>\n\t\t\t\t\t<\/div>\n\t\t<\/div>\n\t\t\t\t\t<\/div>\n\t\t<\/section>\n\t\t\t\t<section class=\"elementor-section elementor-top-section elementor-element elementor-element-59d3c3fe elementor-section-boxed elementor-section-height-default elementor-section-height-default\" data-id=\"59d3c3fe\" data-element_type=\"section\" data-e-type=\"section\">\n\t\t\t\t\t\t<div class=\"elementor-container elementor-column-gap-default\">\n\t\t\t\t\t<div class=\"elementor-column elementor-col-100 elementor-top-column elementor-element elementor-element-14d16c35\" data-id=\"14d16c35\" data-element_type=\"column\" data-e-type=\"column\">\n\t\t\t<div class=\"elementor-widget-wrap elementor-element-populated\">\n\t\t\t\t\t\t<div class=\"elementor-element elementor-element-7861ad45 elementor-widget elementor-widget-text-editor\" data-id=\"7861ad45\" data-element_type=\"widget\" data-e-type=\"widget\" data-widget_type=\"text-editor.default\">\n\t\t\t\t<div class=\"elementor-widget-container\">\n\t\t\t\t\t\t\t\t\t<div>\n<h4><strong>\u00bfC\u00f3mo se mide la luz?<\/strong><\/h4>\n<\/div>\n<div>\n<p><span style=\"font-size: inherit;\">Cuando hablamos de luz, usamos principalmente dos unidades de medida:<\/span><\/p>\n<div>\n<ul>\n<li><strong>L\u00famenes (lm):<\/strong> indican la cantidad total de luz que emite una fuente. Cuantos m\u00e1s l\u00famenes, m\u00e1s luz proporciona una bombilla o luminaria.<\/li>\n<li><strong>Lux (lx):<\/strong> es una medida m\u00e1s precisa, que relaciona los l\u00famenes con el tama\u00f1o del \u00e1rea a iluminar. Un lux equivale a un lumen por metro cuadrado (Lux= lumen\/m\u00b2). Por ejemplo, si tienes una l\u00e1mpara de 800 l\u00famenes en una habitaci\u00f3n de 10 m\u00b2, estar\u00e1s generando una iluminaci\u00f3n de 80 luxes.<\/li>\n<\/ul>\n<\/div>\n<\/div>\t\t\t\t\t\t\t\t<\/div>\n\t\t\t\t<\/div>\n\t\t\t\t\t<\/div>\n\t\t<\/div>\n\t\t\t\t\t<\/div>\n\t\t<\/section>\n\t\t\t\t<section class=\"elementor-section elementor-top-section elementor-element elementor-element-660d7f5f elementor-section-boxed elementor-section-height-default elementor-section-height-default\" data-id=\"660d7f5f\" data-element_type=\"section\" data-e-type=\"section\">\n\t\t\t\t\t\t<div class=\"elementor-container elementor-column-gap-custom\">\n\t\t\t\t\t<div class=\"elementor-column elementor-col-33 elementor-top-column elementor-element elementor-element-641790c8\" data-id=\"641790c8\" data-element_type=\"column\" data-e-type=\"column\">\n\t\t\t<div class=\"elementor-widget-wrap elementor-element-populated\">\n\t\t\t\t\t\t<div class=\"elementor-element elementor-element-e103b81 elementor-widget elementor-widget-image\" data-id=\"e103b81\" data-element_type=\"widget\" data-e-type=\"widget\" data-widget_type=\"image.default\">\n\t\t\t\t<div class=\"elementor-widget-container\">\n\t\t\t\t\t\t\t\t\t\t\t\t\t\t\t\t<a href=\"https:\/\/www.leonleds.com\/es\/lampara-de-techo-colgante-tipo-jaula-industrial-cage-bell-e27-negra-y-detalle-ratan.html#\/222-color-negro_dorado\">\n\t\t\t\t\t\t\t<img fetchpriority=\"high\" decoding=\"async\" width=\"1024\" height=\"1024\" src=\"https:\/\/www.leonleds.com\/blog\/wp-content\/uploads\/2025\/01\/lampara-techo-rattan-metal.png\" class=\"attachment-large size-large wp-image-4279\" alt=\"lampara-techo-rattan-metal\" srcset=\"https:\/\/www.leonleds.com\/blog\/wp-content\/uploads\/2025\/01\/lampara-techo-rattan-metal.png 1024w, https:\/\/www.leonleds.com\/blog\/wp-content\/uploads\/2025\/01\/lampara-techo-rattan-metal-300x300.png 300w, https:\/\/www.leonleds.com\/blog\/wp-content\/uploads\/2025\/01\/lampara-techo-rattan-metal-150x150.png 150w, https:\/\/www.leonleds.com\/blog\/wp-content\/uploads\/2025\/01\/lampara-techo-rattan-metal-768x768.png 768w\" sizes=\"(max-width: 1024px) 100vw, 1024px\" \/>\t\t\t\t\t\t\t\t<\/a>\n\t\t\t\t\t\t\t\t\t\t\t\t\t\t\t<\/div>\n\t\t\t\t<\/div>\n\t\t\t\t\t<\/div>\n\t\t<\/div>\n\t\t\t\t<div class=\"elementor-column elementor-col-33 elementor-top-column elementor-element elementor-element-303bea0c\" data-id=\"303bea0c\" data-element_type=\"column\" data-e-type=\"column\">\n\t\t\t<div class=\"elementor-widget-wrap elementor-element-populated\">\n\t\t\t\t\t\t<div class=\"elementor-element elementor-element-86251ab elementor-widget elementor-widget-image\" data-id=\"86251ab\" data-element_type=\"widget\" data-e-type=\"widget\" data-widget_type=\"image.default\">\n\t\t\t\t<div class=\"elementor-widget-container\">\n\t\t\t\t\t\t\t\t\t\t\t\t\t\t\t\t<a href=\"https:\/\/www.leonleds.com\/es\/lampara-colgante-negra-y-de-ratan-costas-con-forma-de-platillo-o1000.html\">\n\t\t\t\t\t\t\t<img decoding=\"async\" width=\"1024\" height=\"1024\" src=\"https:\/\/www.leonleds.com\/blog\/wp-content\/uploads\/2024\/08\/16.jpg\" class=\"attachment-large size-large wp-image-3855\" alt=\"\" srcset=\"https:\/\/www.leonleds.com\/blog\/wp-content\/uploads\/2024\/08\/16.jpg 1024w, https:\/\/www.leonleds.com\/blog\/wp-content\/uploads\/2024\/08\/16-300x300.jpg 300w, https:\/\/www.leonleds.com\/blog\/wp-content\/uploads\/2024\/08\/16-150x150.jpg 150w, https:\/\/www.leonleds.com\/blog\/wp-content\/uploads\/2024\/08\/16-768x768.jpg 768w\" sizes=\"(max-width: 1024px) 100vw, 1024px\" \/>\t\t\t\t\t\t\t\t<\/a>\n\t\t\t\t\t\t\t\t\t\t\t\t\t\t\t<\/div>\n\t\t\t\t<\/div>\n\t\t\t\t\t<\/div>\n\t\t<\/div>\n\t\t\t\t<div class=\"elementor-column elementor-col-33 elementor-top-column elementor-element elementor-element-40ad6a39\" data-id=\"40ad6a39\" data-element_type=\"column\" data-e-type=\"column\">\n\t\t\t<div class=\"elementor-widget-wrap elementor-element-populated\">\n\t\t\t\t\t\t<div class=\"elementor-element elementor-element-2bd192fa elementor-widget elementor-widget-image\" data-id=\"2bd192fa\" data-element_type=\"widget\" data-e-type=\"widget\" data-widget_type=\"image.default\">\n\t\t\t\t<div class=\"elementor-widget-container\">\n\t\t\t\t\t\t\t\t\t\t\t\t\t\t\t\t<a href=\"https:\/\/www.leonleds.com\/es\/aplique-de-pared-con-pantalla-de-rayas-de-papel-natural-cardboard-drop-1xe27.html#\/284-color-marron\">\n\t\t\t\t\t\t\t<img decoding=\"async\" width=\"1024\" height=\"1024\" src=\"https:\/\/www.leonleds.com\/blog\/wp-content\/uploads\/2025\/01\/lampara-techo-rattan.png\" class=\"attachment-large size-large wp-image-4278\" alt=\"lampara-techo-papel\" srcset=\"https:\/\/www.leonleds.com\/blog\/wp-content\/uploads\/2025\/01\/lampara-techo-rattan.png 1024w, https:\/\/www.leonleds.com\/blog\/wp-content\/uploads\/2025\/01\/lampara-techo-rattan-300x300.png 300w, https:\/\/www.leonleds.com\/blog\/wp-content\/uploads\/2025\/01\/lampara-techo-rattan-150x150.png 150w, https:\/\/www.leonleds.com\/blog\/wp-content\/uploads\/2025\/01\/lampara-techo-rattan-768x768.png 768w\" sizes=\"(max-width: 1024px) 100vw, 1024px\" \/>\t\t\t\t\t\t\t\t<\/a>\n\t\t\t\t\t\t\t\t\t\t\t\t\t\t\t<\/div>\n\t\t\t\t<\/div>\n\t\t\t\t\t<\/div>\n\t\t<\/div>\n\t\t\t\t\t<\/div>\n\t\t<\/section>\n\t\t\t\t<section class=\"elementor-section elementor-top-section elementor-element elementor-element-3746217 elementor-section-boxed elementor-section-height-default elementor-section-height-default\" data-id=\"3746217\" data-element_type=\"section\" data-e-type=\"section\">\n\t\t\t\t\t\t<div class=\"elementor-container elementor-column-gap-default\">\n\t\t\t\t\t<div class=\"elementor-column elementor-col-100 elementor-top-column elementor-element elementor-element-7d2d927d\" data-id=\"7d2d927d\" data-element_type=\"column\" data-e-type=\"column\">\n\t\t\t<div class=\"elementor-widget-wrap elementor-element-populated\">\n\t\t\t\t\t\t<div class=\"elementor-element elementor-element-212e0fa7 elementor-widget elementor-widget-text-editor\" data-id=\"212e0fa7\" data-element_type=\"widget\" data-e-type=\"widget\" data-widget_type=\"text-editor.default\">\n\t\t\t\t<div class=\"elementor-widget-container\">\n\t\t\t\t\t\t\t\t\t<div><div><h4><strong>La luz tambi\u00e9n es subjetiva<\/strong><\/h4><\/div><div><div><p>Antes de centrarnos en los n\u00fameros, es importante recordar que la percepci\u00f3n de la luz es subjetiva. Algunas personas prefieren espacios muy iluminados para concentrarse mejor, mientras que otras se sienten m\u00e1s c\u00f3modas con una iluminaci\u00f3n tenue que no deslumbre. Por eso, m\u00e1s all\u00e1 de los c\u00e1lculos, siempre conviene ajustar la iluminaci\u00f3n a tus propias sensaciones.<\/p><\/div><\/div><\/div>\t\t\t\t\t\t\t\t<\/div>\n\t\t\t\t<\/div>\n\t\t\t\t\t<\/div>\n\t\t<\/div>\n\t\t\t\t\t<\/div>\n\t\t<\/section>\n\t\t\t\t<section class=\"elementor-section elementor-top-section elementor-element elementor-element-4407d4ac elementor-section-boxed elementor-section-height-default elementor-section-height-default\" data-id=\"4407d4ac\" data-element_type=\"section\" data-e-type=\"section\">\n\t\t\t\t\t\t<div class=\"elementor-container elementor-column-gap-custom\">\n\t\t\t\t\t<div class=\"elementor-column elementor-col-33 elementor-top-column elementor-element elementor-element-46db8d9\" data-id=\"46db8d9\" data-element_type=\"column\" data-e-type=\"column\">\n\t\t\t<div class=\"elementor-widget-wrap elementor-element-populated\">\n\t\t\t\t\t\t<div class=\"elementor-element elementor-element-6597844c elementor-widget elementor-widget-image\" data-id=\"6597844c\" data-element_type=\"widget\" data-e-type=\"widget\" data-widget_type=\"image.default\">\n\t\t\t\t<div class=\"elementor-widget-container\">\n\t\t\t\t\t\t\t\t\t\t\t\t\t\t\t\t<a href=\"https:\/\/www.leonleds.com\/es\/lampara-de-techo-colgante-verde-con-pantalla-de-rafia-en-3-alturas-3xe27.html#\/906-color-ratan_natural\">\n\t\t\t\t\t\t\t<img loading=\"lazy\" decoding=\"async\" width=\"1024\" height=\"1024\" src=\"https:\/\/www.leonleds.com\/blog\/wp-content\/uploads\/2025\/01\/lamp-techo-rattan.png\" class=\"attachment-large size-large wp-image-4282\" alt=\"lamp-techo-rattan\" srcset=\"https:\/\/www.leonleds.com\/blog\/wp-content\/uploads\/2025\/01\/lamp-techo-rattan.png 1024w, https:\/\/www.leonleds.com\/blog\/wp-content\/uploads\/2025\/01\/lamp-techo-rattan-300x300.png 300w, https:\/\/www.leonleds.com\/blog\/wp-content\/uploads\/2025\/01\/lamp-techo-rattan-150x150.png 150w, https:\/\/www.leonleds.com\/blog\/wp-content\/uploads\/2025\/01\/lamp-techo-rattan-768x768.png 768w\" sizes=\"(max-width: 1024px) 100vw, 1024px\" \/>\t\t\t\t\t\t\t\t<\/a>\n\t\t\t\t\t\t\t\t\t\t\t\t\t\t\t<\/div>\n\t\t\t\t<\/div>\n\t\t\t\t\t<\/div>\n\t\t<\/div>\n\t\t\t\t<div class=\"elementor-column elementor-col-33 elementor-top-column elementor-element elementor-element-791fa2fe\" data-id=\"791fa2fe\" data-element_type=\"column\" data-e-type=\"column\">\n\t\t\t<div class=\"elementor-widget-wrap elementor-element-populated\">\n\t\t\t\t\t\t<div class=\"elementor-element elementor-element-587dd88f elementor-widget elementor-widget-image\" data-id=\"587dd88f\" data-element_type=\"widget\" data-e-type=\"widget\" data-widget_type=\"image.default\">\n\t\t\t\t<div class=\"elementor-widget-container\">\n\t\t\t\t\t\t\t\t\t\t\t\t\t\t\t\t<a href=\"https:\/\/www.leonleds.com\/es\/lampara-de-sobremesa-de-papel-de-bamboo-paper-hut-marron-1xe27.html#\/284-color-marron\">\n\t\t\t\t\t\t\t<img loading=\"lazy\" decoding=\"async\" width=\"1024\" height=\"1024\" src=\"https:\/\/www.leonleds.com\/blog\/wp-content\/uploads\/2025\/01\/lampara-mesa-papel.png\" class=\"attachment-large size-large wp-image-4283\" alt=\"lampara-mesa-papel\" srcset=\"https:\/\/www.leonleds.com\/blog\/wp-content\/uploads\/2025\/01\/lampara-mesa-papel.png 1024w, https:\/\/www.leonleds.com\/blog\/wp-content\/uploads\/2025\/01\/lampara-mesa-papel-300x300.png 300w, https:\/\/www.leonleds.com\/blog\/wp-content\/uploads\/2025\/01\/lampara-mesa-papel-150x150.png 150w, https:\/\/www.leonleds.com\/blog\/wp-content\/uploads\/2025\/01\/lampara-mesa-papel-768x768.png 768w\" sizes=\"(max-width: 1024px) 100vw, 1024px\" \/>\t\t\t\t\t\t\t\t<\/a>\n\t\t\t\t\t\t\t\t\t\t\t\t\t\t\t<\/div>\n\t\t\t\t<\/div>\n\t\t\t\t\t<\/div>\n\t\t<\/div>\n\t\t\t\t<div class=\"elementor-column elementor-col-33 elementor-top-column elementor-element elementor-element-7016701f\" data-id=\"7016701f\" data-element_type=\"column\" data-e-type=\"column\">\n\t\t\t<div class=\"elementor-widget-wrap elementor-element-populated\">\n\t\t\t\t\t\t<div class=\"elementor-element elementor-element-3d10e281 elementor-widget elementor-widget-image\" data-id=\"3d10e281\" data-element_type=\"widget\" data-e-type=\"widget\" data-widget_type=\"image.default\">\n\t\t\t\t<div class=\"elementor-widget-container\">\n\t\t\t\t\t\t\t\t\t\t\t\t\t\t\t\t<a href=\"https:\/\/www.leonleds.com\/es\/lampara-de-pie-con-pantalla-de-raffia-floor-con-pie-de-acero-verde-e27.html#\/36-color-verde\">\n\t\t\t\t\t\t\t<img loading=\"lazy\" decoding=\"async\" width=\"1024\" height=\"1024\" src=\"https:\/\/www.leonleds.com\/blog\/wp-content\/uploads\/2025\/01\/lampara-pie-rattan.png\" class=\"attachment-large size-large wp-image-4284\" alt=\"lampara-pie-rattan\" srcset=\"https:\/\/www.leonleds.com\/blog\/wp-content\/uploads\/2025\/01\/lampara-pie-rattan.png 1024w, https:\/\/www.leonleds.com\/blog\/wp-content\/uploads\/2025\/01\/lampara-pie-rattan-300x300.png 300w, https:\/\/www.leonleds.com\/blog\/wp-content\/uploads\/2025\/01\/lampara-pie-rattan-150x150.png 150w, https:\/\/www.leonleds.com\/blog\/wp-content\/uploads\/2025\/01\/lampara-pie-rattan-768x768.png 768w\" sizes=\"(max-width: 1024px) 100vw, 1024px\" \/>\t\t\t\t\t\t\t\t<\/a>\n\t\t\t\t\t\t\t\t\t\t\t\t\t\t\t<\/div>\n\t\t\t\t<\/div>\n\t\t\t\t\t<\/div>\n\t\t<\/div>\n\t\t\t\t\t<\/div>\n\t\t<\/section>\n\t\t\t\t<section class=\"elementor-section elementor-top-section elementor-element elementor-element-6538c7c elementor-section-boxed elementor-section-height-default elementor-section-height-default\" data-id=\"6538c7c\" data-element_type=\"section\" data-e-type=\"section\">\n\t\t\t\t\t\t<div class=\"elementor-container elementor-column-gap-default\">\n\t\t\t\t\t<div class=\"elementor-column elementor-col-100 elementor-top-column elementor-element elementor-element-00f1921\" data-id=\"00f1921\" data-element_type=\"column\" data-e-type=\"column\">\n\t\t\t<div class=\"elementor-widget-wrap elementor-element-populated\">\n\t\t\t\t\t\t<div class=\"elementor-element elementor-element-1a815cf elementor-widget elementor-widget-text-editor\" data-id=\"1a815cf\" data-element_type=\"widget\" data-e-type=\"widget\" data-widget_type=\"text-editor.default\">\n\t\t\t\t<div class=\"elementor-widget-container\">\n\t\t\t\t\t\t\t\t\t<div><h4><strong>C\u00f3mo calcular la luz necesaria<\/strong><\/h4><\/div><div><p><span style=\"font-size: inherit;\">Para no complicarte con f\u00f3rmulas, te damos una regla sencilla que puedes aplicar directamente en casa. Solo necesitas saber los metros cuadrados de la estancia:<\/span><\/p><div><ol><li><strong>Mide<i> <\/i>el ancho y el largo de la habitaci\u00f3n<\/strong>, y multipl\u00edcalos para obtener los metros cuadrados.<\/li><li><strong>Multiplica ese n\u00famero por los luxes<\/strong> recomendados para cada tipo de estancia<\/li><\/ol><div><p><strong>Recomendaciones orientativas de luxes por estancia:<\/strong><\/p><\/div><ul><li><strong>Dormit<\/strong><b>orio:<\/b> 100 \u2013 150 lux<\/li><li><strong>Sal\u00f3n o comedor:<\/strong> 150 \u2013 250 lux<\/li><li><b>Cocina: <\/b>500 \u2013 600 lux<\/li><li><b>Ba\u00f1o:<\/b> 200 \u2013 300 lux<\/li><li><strong>Zona de estudio o escritorio:<\/strong> 500 \u2013 600 lux<\/li><li><strong>Pasillo:<\/strong> 50 \u2013 100 lux<\/li><\/ul><\/div><\/div>\t\t\t\t\t\t\t\t<\/div>\n\t\t\t\t<\/div>\n\t\t\t\t\t<\/div>\n\t\t<\/div>\n\t\t\t\t\t<\/div>\n\t\t<\/section>\n\t\t\t\t<section class=\"elementor-section elementor-top-section elementor-element elementor-element-42f5f123 elementor-section-boxed elementor-section-height-default elementor-section-height-default\" data-id=\"42f5f123\" data-element_type=\"section\" data-e-type=\"section\">\n\t\t\t\t\t\t<div class=\"elementor-container elementor-column-gap-custom\">\n\t\t\t\t\t<div class=\"elementor-column elementor-col-33 elementor-top-column elementor-element elementor-element-7273f2fa\" data-id=\"7273f2fa\" data-element_type=\"column\" data-e-type=\"column\">\n\t\t\t<div class=\"elementor-widget-wrap elementor-element-populated\">\n\t\t\t\t\t\t<div class=\"elementor-element elementor-element-601f094 elementor-widget elementor-widget-image\" data-id=\"601f094\" data-element_type=\"widget\" data-e-type=\"widget\" data-widget_type=\"image.default\">\n\t\t\t\t<div class=\"elementor-widget-container\">\n\t\t\t\t\t\t\t\t\t\t\t\t\t\t\t\t<a href=\"https:\/\/www.leonleds.com\/es\/lampara-colgante-cilindrica-de-yeso-blanco-plaster-tube-pendant-e27.html#\/54-color-blanco\">\n\t\t\t\t\t\t\t<img loading=\"lazy\" decoding=\"async\" width=\"1024\" height=\"1024\" src=\"https:\/\/www.leonleds.com\/blog\/wp-content\/uploads\/2025\/01\/lampara-techo-yeso.png\" class=\"attachment-large size-large wp-image-4281\" alt=\"lampara-techo-yeso\" srcset=\"https:\/\/www.leonleds.com\/blog\/wp-content\/uploads\/2025\/01\/lampara-techo-yeso.png 1024w, https:\/\/www.leonleds.com\/blog\/wp-content\/uploads\/2025\/01\/lampara-techo-yeso-300x300.png 300w, https:\/\/www.leonleds.com\/blog\/wp-content\/uploads\/2025\/01\/lampara-techo-yeso-150x150.png 150w, https:\/\/www.leonleds.com\/blog\/wp-content\/uploads\/2025\/01\/lampara-techo-yeso-768x768.png 768w\" sizes=\"(max-width: 1024px) 100vw, 1024px\" \/>\t\t\t\t\t\t\t\t<\/a>\n\t\t\t\t\t\t\t\t\t\t\t\t\t\t\t<\/div>\n\t\t\t\t<\/div>\n\t\t\t\t\t<\/div>\n\t\t<\/div>\n\t\t\t\t<div class=\"elementor-column elementor-col-33 elementor-top-column elementor-element elementor-element-313ec3a2\" data-id=\"313ec3a2\" data-element_type=\"column\" data-e-type=\"column\">\n\t\t\t<div class=\"elementor-widget-wrap elementor-element-populated\">\n\t\t\t\t\t\t<div class=\"elementor-element elementor-element-627e61d7 elementor-widget elementor-widget-image\" data-id=\"627e61d7\" data-element_type=\"widget\" data-e-type=\"widget\" data-widget_type=\"image.default\">\n\t\t\t\t<div class=\"elementor-widget-container\">\n\t\t\t\t\t\t\t\t\t\t\t\t\t\t\t\t<a href=\"https:\/\/www.leonleds.com\/es\/lampara-colgante-redondo-de-terrazzo-ball-1xgu10-gris.html#\/163-color-gris\">\n\t\t\t\t\t\t\t<img loading=\"lazy\" decoding=\"async\" width=\"1024\" height=\"1024\" src=\"https:\/\/www.leonleds.com\/blog\/wp-content\/uploads\/2025\/01\/lampara-techo-terrazzo.png\" class=\"attachment-large size-large wp-image-4280\" alt=\"lampara-techo-terrazzo\" srcset=\"https:\/\/www.leonleds.com\/blog\/wp-content\/uploads\/2025\/01\/lampara-techo-terrazzo.png 1024w, https:\/\/www.leonleds.com\/blog\/wp-content\/uploads\/2025\/01\/lampara-techo-terrazzo-300x300.png 300w, https:\/\/www.leonleds.com\/blog\/wp-content\/uploads\/2025\/01\/lampara-techo-terrazzo-150x150.png 150w, https:\/\/www.leonleds.com\/blog\/wp-content\/uploads\/2025\/01\/lampara-techo-terrazzo-768x768.png 768w\" sizes=\"(max-width: 1024px) 100vw, 1024px\" \/>\t\t\t\t\t\t\t\t<\/a>\n\t\t\t\t\t\t\t\t\t\t\t\t\t\t\t<\/div>\n\t\t\t\t<\/div>\n\t\t\t\t\t<\/div>\n\t\t<\/div>\n\t\t\t\t<div class=\"elementor-column elementor-col-33 elementor-top-column elementor-element elementor-element-79dd39fb\" data-id=\"79dd39fb\" data-element_type=\"column\" data-e-type=\"column\">\n\t\t\t<div class=\"elementor-widget-wrap elementor-element-populated\">\n\t\t\t\t\t\t<div class=\"elementor-element elementor-element-6c890b0f elementor-widget elementor-widget-image\" data-id=\"6c890b0f\" data-element_type=\"widget\" data-e-type=\"widget\" data-widget_type=\"image.default\">\n\t\t\t\t<div class=\"elementor-widget-container\">\n\t\t\t\t\t\t\t\t\t\t\t\t\t\t\t\t<a href=\"https:\/\/www.leonleds.com\/es\/lampara-de-techo-colgante-de-carton-lotus-leaf-estilo-y-sostenible-3xe14-.html#\/284-color-marron\">\n\t\t\t\t\t\t\t<img loading=\"lazy\" decoding=\"async\" width=\"1024\" height=\"1024\" src=\"https:\/\/www.leonleds.com\/blog\/wp-content\/uploads\/2025\/01\/lampara-techo-carton.png\" class=\"attachment-large size-large wp-image-4277\" alt=\"lampara-techo-carton\" srcset=\"https:\/\/www.leonleds.com\/blog\/wp-content\/uploads\/2025\/01\/lampara-techo-carton.png 1024w, https:\/\/www.leonleds.com\/blog\/wp-content\/uploads\/2025\/01\/lampara-techo-carton-300x300.png 300w, https:\/\/www.leonleds.com\/blog\/wp-content\/uploads\/2025\/01\/lampara-techo-carton-150x150.png 150w, https:\/\/www.leonleds.com\/blog\/wp-content\/uploads\/2025\/01\/lampara-techo-carton-768x768.png 768w\" sizes=\"(max-width: 1024px) 100vw, 1024px\" \/>\t\t\t\t\t\t\t\t<\/a>\n\t\t\t\t\t\t\t\t\t\t\t\t\t\t\t<\/div>\n\t\t\t\t<\/div>\n\t\t\t\t\t<\/div>\n\t\t<\/div>\n\t\t\t\t\t<\/div>\n\t\t<\/section>\n\t\t\t\t<section class=\"elementor-section elementor-top-section elementor-element elementor-element-e1cb6c5 elementor-section-boxed elementor-section-height-default elementor-section-height-default\" data-id=\"e1cb6c5\" data-element_type=\"section\" data-e-type=\"section\">\n\t\t\t\t\t\t<div class=\"elementor-container elementor-column-gap-default\">\n\t\t\t\t\t<div class=\"elementor-column elementor-col-100 elementor-top-column elementor-element elementor-element-029b81a\" data-id=\"029b81a\" data-element_type=\"column\" data-e-type=\"column\">\n\t\t\t<div class=\"elementor-widget-wrap elementor-element-populated\">\n\t\t\t\t\t\t<div class=\"elementor-element elementor-element-c252c64 elementor-widget elementor-widget-text-editor\" data-id=\"c252c64\" data-element_type=\"widget\" data-e-type=\"widget\" data-widget_type=\"text-editor.default\">\n\t\t\t\t<div class=\"elementor-widget-container\">\n\t\t\t\t\t\t\t\t\t<div><h4><b>Otros factores que influyen<\/b><\/h4><\/div><div><p><span style=\"font-size: inherit;\">Adem\u00e1s del tama\u00f1o, hay <b>otros aspectos<\/b> que pueden hacer que necesites m\u00e1s o menos luz:<\/span><\/p><ul><li><span style=\"font-size: inherit;\"><b>Color de las paredes y los muebles:<\/b> los tonos claros reflejan m\u00e1s luz, mientras que los oscuros la absorben.<\/span><\/li><li><span style=\"font-size: inherit;\"><b>Altura del techo y tipo de luminaria:<\/b> cuanto m\u00e1s alto est\u00e9 el punto de luz, m\u00e1s l\u00famenes necesitar\u00e1s para iluminar correctamente.<\/span><\/li><li><span style=\"font-size: inherit;\"><b>Funci\u00f3n del espacio:<\/b> no es lo mismo relajarse en el sal\u00f3n que cortar verduras en la cocina.<\/span><\/li><\/ul><div><div><p>Una buena idea es <b>combinar distintos tipos de luz<\/b> (general, ambiental y puntual) y optar por <b>bombillas regulables<\/b>. As\u00ed podr\u00e1s adaptar la iluminaci\u00f3n a cada momento del d\u00eda o a tus necesidades concretas sin renunciar al confort.<\/p><\/div><div><p><strong>\u00bfNo sabes por d\u00f3nde empezar?<\/strong> En\u00a0<a href=\"https:\/\/www.leonleds.com\/es\/\" target=\"_blank\" rel=\"noopener\"><b><u>LeonLeds<\/u><\/b><\/a>\u00a0te ayudamos a encontrar las bombillas y luminarias perfectas para que tu casa tenga justo la luz que necesita. F\u00e1cil, r\u00e1pido y sin complicaciones<\/p><\/div><\/div><\/div>\t\t\t\t\t\t\t\t<\/div>\n\t\t\t\t<\/div>\n\t\t\t\t\t<\/div>\n\t\t<\/div>\n\t\t\t\t\t<\/div>\n\t\t<\/section>\n\t\t\t\t<\/div>\n\t\t","protected":false},"excerpt":{"rendered":"<p>A la hora de iluminar tu hogar, una de las dudas m\u00e1s frecuentes es cu\u00e1nta luz necesitas en cada habitaci\u00f3n. Encontrar el equilibrio perfecto entre funcionalidad y confort no siempre es sencillo. Por eso, hoy te explicamos de forma sencilla c\u00f3mo calcular la cantidad de luz adecuada para cada estancia. \u00bfC\u00f3mo se mide la luz? &#8230; <a title=\"Cu\u00e1nta luz necesito para una habitaci\u00f3n y c\u00f3mo calcularlo\" class=\"read-more\" href=\"https:\/\/www.leonleds.com\/blog\/cuanta-luz-necesito-para-una-habitacion-como-calcularlo\/\" aria-label=\"Leer m\u00e1s sobre Cu\u00e1nta luz necesito para una habitaci\u00f3n y c\u00f3mo calcularlo\">Leer m\u00e1s<\/a><\/p>\n","protected":false},"author":1,"featured_media":4932,"comment_status":"open","ping_status":"open","sticky":false,"template":"","format":"standard","meta":{"footnotes":""},"categories":[5,7,9],"tags":[353,70,533,534,125,445,151,433,170,216,535,540,536,453,417],"class_list":["post-4917","post","type-post","status-publish","format-standard","has-post-thumbnail","hentry","category-guias-de-compra","category-iluminacion-interior","category-preguntas-frecuentes","tag-caracteristicas-luminarias-led","tag-como-iluminar-el-hogar","tag-como-iluminar-una-habitacion","tag-guia-de-compra","tag-iluminacion-2","tag-iluminacion-del-hogar","tag-iluminacion-led","tag-iluminacion-led-hogar","tag-iluminacion-para-el-hogar","tag-led","tag-lumen","tag-lumenes","tag-lux","tag-luz-para-oficina-en-casa","tag-soluciones-para-el-hogar"],"_links":{"self":[{"href":"https:\/\/www.leonleds.com\/blog\/wp-json\/wp\/v2\/posts\/4917","targetHints":{"allow":["GET"]}}],"collection":[{"href":"https:\/\/www.leonleds.com\/blog\/wp-json\/wp\/v2\/posts"}],"about":[{"href":"https:\/\/www.leonleds.com\/blog\/wp-json\/wp\/v2\/types\/post"}],"author":[{"embeddable":true,"href":"https:\/\/www.leonleds.com\/blog\/wp-json\/wp\/v2\/users\/1"}],"replies":[{"embeddable":true,"href":"https:\/\/www.leonleds.com\/blog\/wp-json\/wp\/v2\/comments?post=4917"}],"version-history":[{"count":5,"href":"https:\/\/www.leonleds.com\/blog\/wp-json\/wp\/v2\/posts\/4917\/revisions"}],"predecessor-version":[{"id":4933,"href":"https:\/\/www.leonleds.com\/blog\/wp-json\/wp\/v2\/posts\/4917\/revisions\/4933"}],"wp:featuredmedia":[{"embeddable":true,"href":"https:\/\/www.leonleds.com\/blog\/wp-json\/wp\/v2\/media\/4932"}],"wp:attachment":[{"href":"https:\/\/www.leonleds.com\/blog\/wp-json\/wp\/v2\/media?parent=4917"}],"wp:term":[{"taxonomy":"category","embeddable":true,"href":"https:\/\/www.leonleds.com\/blog\/wp-json\/wp\/v2\/categories?post=4917"},{"taxonomy":"post_tag","embeddable":true,"href":"https:\/\/www.leonleds.com\/blog\/wp-json\/wp\/v2\/tags?post=4917"}],"curies":[{"name":"wp","href":"https:\/\/api.w.org\/{rel}","templated":true}]}}